{"id":10654,"date":"2024-01-23T11:04:23","date_gmt":"2024-01-23T10:04:23","guid":{"rendered":"https:\/\/www.cf-moto.fr\/quad-ssv-utv\/?p=10654"},"modified":"2024-01-24T12:07:07","modified_gmt":"2024-01-24T11:07:07","slug":"cfmoto-au-dakar-2024","status":"publish","type":"post","link":"https:\/\/www.cf-moto.fr\/quad-ssv-utv\/cfmoto-au-dakar-2024\/","title":{"rendered":"CFMOTO au Dakar 2024"},"content":{"rendered":"\t\t<div data-elementor-type=\"wp-post\" data-elementor-id=\"10654\" class=\"elementor elementor-10654\" data-elementor-post-type=\"post\">\n\t\t\t\t<div class=\"elementor-element elementor-element-551abfc e-con-full e-flex e-con e-parent\" data-id=\"551abfc\" data-element_type=\"container\" data-settings=\"{&quot;background_background&quot;:&quot;classic&quot;}\">\n\t\t<div class=\"elementor-element elementor-element-6b965cd e-flex e-con-boxed e-con e-parent\" data-id=\"6b965cd\" data-element_type=\"container\">\n\t\t\t\t\t<div class=\"e-con-inner\">\n\t\t\t\t<div class=\"elementor-element elementor-element-8837c36 elementor-widget elementor-widget-heading\" data-id=\"8837c36\" data-element_type=\"widget\" data-widget_type=\"heading.default\">\n\t\t\t\t<div class=\"elementor-widget-container\">\n\t\t\t\t\t<h1 class=\"elementor-heading-title elementor-size-default\">CFMOTO au Dakar 2024<\/h1>\t\t\t\t<\/div>\n\t\t\t\t<\/div>\n\t\t\t\t<div class=\"elementor-element elementor-element-ab91ed7 elementor-widget__width-initial elementor-widget elementor-widget-text-editor\" data-id=\"ab91ed7\" data-element_type=\"widget\" data-widget_type=\"text-editor.default\">\n\t\t\t\t<div class=\"elementor-widget-container\">\n\t\t\t\t\t\t\t\t\t<p>5\u1d49 position pour CFMOTO, lors de l&rsquo;\u00e9dition 2024 du Rallye du Dakar, r\u00e9alise la meilleure performance pour une marque Chinoise dans la cat\u00e9gorie QUAD.<\/p>\t\t\t\t\t\t\t\t<\/div>\n\t\t\t\t<\/div>\n\t\t\t\t\t<\/div>\n\t\t\t\t<\/div>\n\t\t\t\t<\/div>\n\t\t<div class=\"elementor-element elementor-element-cf5647d e-flex e-con-boxed e-con e-parent\" data-id=\"cf5647d\" data-element_type=\"container\">\n\t\t\t\t\t<div class=\"e-con-inner\">\n\t\t\t\t<div class=\"elementor-element elementor-element-cb4aed1 elementor-widget elementor-widget-heading\" data-id=\"cb4aed1\" data-element_type=\"widget\" data-widget_type=\"heading.default\">\n\t\t\t\t<div class=\"elementor-widget-container\">\n\t\t\t\t\t<h2 class=\"elementor-heading-title elementor-size-default\">5\u00e8me position pour le pilote CFMOTO<\/h2>\t\t\t\t<\/div>\n\t\t\t\t<\/div>\n\t\t\t\t<div class=\"elementor-element elementor-element-03e7b80 elementor-widget-tablet__width-inherit link-text elementor-widget elementor-widget-text-editor\" data-id=\"03e7b80\" data-element_type=\"widget\" data-widget_type=\"text-editor.default\">\n\t\t\t\t<div class=\"elementor-widget-container\">\n\t\t\t\t\t\t\t\t\t<p>Antanas Kanopkinas et son CFORCE 1000 de l&rsquo;\u00e9quipe CFMOTO THUNDER RACING ont termin\u00e9 cette \u00e9dition du Rallye du Dakar avec une impressionnante 5\u1d49 position dans la cat\u00e9gorie QUAD.<\/p><p>Le Dakar, r\u00e9put\u00e9 comme l&rsquo;une des comp\u00e9titions les plus difficiles au monde, s&rsquo;est d\u00e9roul\u00e9e du 5 au 19 janvier, couvrant 15 jours et 12 \u00e9tapes officielles.<\/p><p>C&rsquo;\u00e9tait la premi\u00e8re participation de CFMOTO et Antanas, au volant d&rsquo;un CFORCE 1000 modifi\u00e9, a \u00e9tabli la meilleure performance par une marque Chinoise dans cette cat\u00e9gorie, avec un temps total de 113 heures, 25 minutes et 50 secondes.<\/p>\t\t\t\t\t\t\t\t<\/div>\n\t\t\t\t<\/div>\n\t\t\t\t\t<\/div>\n\t\t\t\t<\/div>\n\t\t<div class=\"elementor-element elementor-element-3a6209d e-flex e-con-boxed e-con e-parent\" data-id=\"3a6209d\" data-element_type=\"container\">\n\t\t\t\t\t<div class=\"e-con-inner\">\n\t\t\t\t<div class=\"elementor-element elementor-element-5d32cf6 elementor-widget elementor-widget-heading\" data-id=\"5d32cf6\" data-element_type=\"widget\" data-widget_type=\"heading.default\">\n\t\t\t\t<div class=\"elementor-widget-container\">\n\t\t\t\t\t<h2 class=\"elementor-heading-title elementor-size-default\">Une premi\u00e8re \u00e9dition pour CFMOTO<\/h2>\t\t\t\t<\/div>\n\t\t\t\t<\/div>\n\t\t\t\t<div class=\"elementor-element elementor-element-8ed187d elementor-widget-tablet__width-inherit link-text elementor-widget elementor-widget-text-editor\" data-id=\"8ed187d\" data-element_type=\"widget\" data-widget_type=\"text-editor.default\">\n\t\t\t\t<div class=\"elementor-widget-container\">\n\t\t\t\t\t\t\t\t\t<p>Malgr\u00e9 leur statut de novices tant pour le pilote que pour la marque, Antanas et CFMOTO ont n\u00e9anmoins d\u00e9montr\u00e9 des capacit\u00e9s exceptionnelles, capitalisant sur les r\u00e9sultats pr\u00e9c\u00e9dents d&rsquo;Antanas au Championnat du Monde des Rallyes Tout-Terrain et au Abu Dhabi Desert Challenge.<\/p><p>En 2023, l&rsquo;\u00e9quipe CFMOTO THUNDER RACING avait d\u00e9j\u00e0 particip\u00e9 au W2RC avec le CFORCE 1000 et avait d\u00e9croch\u00e9 une place sur le podium au Abu Dhabi Desert Challenge.<\/p><p>Ces succ\u00e8s ont aliment\u00e9 l&rsquo;enthousiasme de l&rsquo;\u00e9quipe CFMOTO THUNDER RACING et d&rsquo;Antanas pour montrer leurs capacit\u00e9s dans l&rsquo;une des courses les plus dangereuses au monde, mettant en lumi\u00e8re la robustesse du CFORCE 1000 de CFMOTO.<\/p>\t\t\t\t\t\t\t\t<\/div>\n\t\t\t\t<\/div>\n\t\t\t\t\t<\/div>\n\t\t\t\t<\/div>\n\t\t<div class=\"elementor-element elementor-element-ed4bc27 e-flex e-con-boxed e-con e-parent\" data-id=\"ed4bc27\" data-element_type=\"container\" data-settings=\"{&quot;background_background&quot;:&quot;classic&quot;}\">\n\t\t\t\t\t<div class=\"e-con-inner\">\n\t\t<div class=\"elementor-element elementor-element-9b1e825 e-con-full e-flex e-con e-parent\" data-id=\"9b1e825\" data-element_type=\"container\">\n\t\t\t\t<div class=\"elementor-element elementor-element-0b9896f elementor-widget__width-initial elementor-pagination-position-outside elementor-widget elementor-widget-image-carousel\" data-id=\"0b9896f\" data-element_type=\"widget\" data-settings=\"{&quot;navigation&quot;:&quot;dots&quot;,&quot;slides_to_show_tablet&quot;:&quot;3&quot;,&quot;slides_to_show_mobile&quot;:&quot;1&quot;,&quot;slides_to_show&quot;:&quot;3&quot;,&quot;slides_to_scroll&quot;:&quot;1&quot;,&quot;autoplay&quot;:&quot;no&quot;,&quot;infinite&quot;:&quot;no&quot;,&quot;speed&quot;:500,&quot;image_spacing_custom&quot;:{&quot;unit&quot;:&quot;px&quot;,&quot;size&quot;:20,&quot;sizes&quot;:[]},&quot;image_spacing_custom_laptop&quot;:{&quot;unit&quot;:&quot;px&quot;,&quot;size&quot;:&quot;&quot;,&quot;sizes&quot;:[]},&quot;image_spacing_custom_tablet&quot;:{&quot;unit&quot;:&quot;px&quot;,&quot;size&quot;:&quot;&quot;,&quot;sizes&quot;:[]}}\" data-widget_type=\"image-carousel.default\">\n\t\t\t\t<div class=\"elementor-widget-container\">\n\t\t\t\t\t\t\t<div class=\"elementor-image-carousel-wrapper swiper\" role=\"region\" aria-roledescription=\"carousel\" aria-label=\"Carrousel d\u2019images\" dir=\"ltr\">\n\t\t\t<div class=\"elementor-image-carousel swiper-wrapper swiper-image-stretch\" aria-live=\"polite\">\n\t\t\t\t\t\t\t\t<div class=\"swiper-slide\" role=\"group\" aria-roledescription=\"slide\" aria-label=\"1 sur 3\"><figure class=\"swiper-slide-inner\"><img decoding=\"async\" class=\"swiper-slide-image\" src=\"https:\/\/www.cf-moto.fr\/quad-ssv-utv\/wp-content\/uploads\/sites\/3\/2024\/01\/CFMOTO-Dakar-20246.jpg\" alt=\"CFMOTO - Dakar 20246\" \/><\/figure><\/div><div class=\"swiper-slide\" role=\"group\" aria-roledescription=\"slide\" aria-label=\"2 sur 3\"><figure class=\"swiper-slide-inner\"><img decoding=\"async\" class=\"swiper-slide-image\" src=\"https:\/\/www.cf-moto.fr\/quad-ssv-utv\/wp-content\/uploads\/sites\/3\/2024\/01\/CFMOTO-Dakar-20244.jpg\" alt=\"CFMOTO - Dakar 20244\" \/><\/figure><\/div><div class=\"swiper-slide\" role=\"group\" aria-roledescription=\"slide\" aria-label=\"3 sur 3\"><figure class=\"swiper-slide-inner\"><img decoding=\"async\" class=\"swiper-slide-image\" src=\"https:\/\/www.cf-moto.fr\/quad-ssv-utv\/wp-content\/uploads\/sites\/3\/2024\/01\/CFMOTO-Dakar-20243.jpg\" alt=\"CFMOTO - Dakar 20243\" \/><\/figure><\/div>\t\t\t<\/div>\n\t\t\t\t\t\t\t\n\t\t\t\t\t\t\t\t\t<div class=\"swiper-pagination\"><\/div>\n\t\t\t\t\t\t\t\t\t<\/div>\n\t\t\t\t\t\t<\/div>\n\t\t\t\t<\/div>\n\t\t\t\t<\/div>\n\t\t\t\t\t<\/div>\n\t\t\t\t<\/div>\n\t\t<div class=\"elementor-element elementor-element-427d344 e-flex e-con-boxed e-con e-parent\" data-id=\"427d344\" data-element_type=\"container\">\n\t\t\t\t\t<div class=\"e-con-inner\">\n\t\t\t\t<div class=\"elementor-element elementor-element-f5f4abb elementor-widget elementor-widget-heading\" data-id=\"f5f4abb\" data-element_type=\"widget\" data-widget_type=\"heading.default\">\n\t\t\t\t<div class=\"elementor-widget-container\">\n\t\t\t\t\t<h2 class=\"elementor-heading-title elementor-size-default\">Des d\u00e9buts difficiles<\/h2>\t\t\t\t<\/div>\n\t\t\t\t<\/div>\n\t\t\t\t<div class=\"elementor-element elementor-element-7c7ac99 elementor-widget-tablet__width-inherit link-text elementor-widget elementor-widget-text-editor\" data-id=\"7c7ac99\" data-element_type=\"widget\" data-widget_type=\"text-editor.default\">\n\t\t\t\t<div class=\"elementor-widget-container\">\n\t\t\t\t\t\t\t\t\t<p>Les organisateurs de cette \u00e9dition ont pour cette ann\u00e9e, augment\u00e9 la difficult\u00e9 dans les \u00e9tapes initiales, mettant au d\u00e9fi Antanas et son v\u00e9hicule CFMOTO.<\/p><p>Le CFORCE 1000, initialement une pr\u00e9sence remarqu\u00e9e dans la cat\u00e9gorie QUAD, a rapidement gagn\u00e9 en reconnaissance gr\u00e2ce aux performances exceptionnelles d&rsquo;Antanas.<\/p><p>Surmontant les d\u00e9fis pos\u00e9s par les organisateurs, Antanas a obtenu la 6e position dans la deuxi\u00e8me \u00e9tape, am\u00e9liorant progressivement sa place au classement g\u00e9n\u00e9ral.<\/p>\t\t\t\t\t\t\t\t<\/div>\n\t\t\t\t<\/div>\n\t\t\t\t<div class=\"elementor-element elementor-element-1779cc8 elementor-widget-tablet__width-inherit link-text elementor-widget elementor-widget-text-editor\" data-id=\"1779cc8\" data-element_type=\"widget\" data-widget_type=\"text-editor.default\">\n\t\t\t\t<div class=\"elementor-widget-container\">\n\t\t\t\t\t\t\t\t\t<p>Cependant, le Dakar est rude pour un participant d\u00e9butant et les revers sont in\u00e9vitables pour devenir plus fort.<\/p><p>Lors de l&rsquo;\u00e9tape Chrono de 48 heures, en raison d&rsquo;une panne s\u00e8che, Antanas a appel\u00e9 \u00e0 un sauvetage en h\u00e9licopt\u00e8re \u00e0 seulement 3,7 km de la ligne d&rsquo;arriv\u00e9e. Dans la 11e \u00e9tape, une jante s&rsquo;est bris\u00e9e \u00e0 cause de pierres \u00e9parpill\u00e9es, l&#8217;emp\u00eachant de terminer l&rsquo;\u00e9tape. Heureusement, les r\u00e8gles de la cat\u00e9gorie Rally 2 lui ont permis de continuer \u00e0 participer aux \u00e9tapes suivantes.<\/p>\t\t\t\t\t\t\t\t<\/div>\n\t\t\t\t<\/div>\n\t\t\t\t\t<\/div>\n\t\t\t\t<\/div>\n\t\t<div class=\"elementor-element elementor-element-6c25c9f e-flex e-con-boxed e-con e-parent\" data-id=\"6c25c9f\" data-element_type=\"container\">\n\t\t\t\t\t<div class=\"e-con-inner\">\n\t\t\t\t<div class=\"elementor-element elementor-element-ccc0883 elementor-widget elementor-widget-heading\" data-id=\"ccc0883\" data-element_type=\"widget\" data-widget_type=\"heading.default\">\n\t\t\t\t<div class=\"elementor-widget-container\">\n\t\t\t\t\t<h2 class=\"elementor-heading-title elementor-size-default\">La premi\u00e8re marque Chinoise \u00e0 terminer le Rallye du Dakar<\/h2>\t\t\t\t<\/div>\n\t\t\t\t<\/div>\n\t\t\t\t<div class=\"elementor-element elementor-element-483e8dd elementor-widget-tablet__width-inherit link-text elementor-widget elementor-widget-text-editor\" data-id=\"483e8dd\" data-element_type=\"widget\" data-widget_type=\"text-editor.default\">\n\t\t\t\t<div class=\"elementor-widget-container\">\n\t\t\t\t\t\t\t\t\t<p>Avec ce r\u00e9sultat, CFMOTO devient la premi\u00e8re marque Chinoise \u00e0 terminer cette course mythique. Ce d\u00e9fi diabolique a parfaitement mis en avant les 35 ans d&rsquo;expertise de CFMOTO dans la recherche et le d\u00e9veloppement professionnel tout-terrain et les capacit\u00e9s robustes.<\/p><p>Affrontant le terrain difficile de rochers \u00e9parpill\u00e9s, de dunes et de canyons, le CFORCE 1000 a r\u00e9sist\u00e9 \u00e0 ces tests difficiles. Sur plus de 100 heures de comp\u00e9tition intense sur la piste, il a lib\u00e9r\u00e9 ses puissantes capacit\u00e9s tout-terrain. Les hautes performances, la sup\u00e9riorit\u00e9 tout-terrain et la remarquable stabilit\u00e9 de ce v\u00e9hicule ont \u00e9t\u00e9 pleinement valid\u00e9es dans cette ar\u00e8ne d\u00e9sertique.<\/p>\t\t\t\t\t\t\t\t<\/div>\n\t\t\t\t<\/div>\n\t\t\t\t<div class=\"elementor-element elementor-element-12d4f72 elementor-widget elementor-widget-image-carousel\" data-id=\"12d4f72\" data-element_type=\"widget\" data-settings=\"{&quot;navigation&quot;:&quot;none&quot;,&quot;slides_to_show_tablet&quot;:&quot;2&quot;,&quot;slides_to_show_mobile&quot;:&quot;1&quot;,&quot;slides_to_show&quot;:&quot;2&quot;,&quot;slides_to_scroll&quot;:&quot;1&quot;,&quot;autoplay&quot;:&quot;yes&quot;,&quot;pause_on_hover&quot;:&quot;yes&quot;,&quot;pause_on_interaction&quot;:&quot;yes&quot;,&quot;autoplay_speed&quot;:5000,&quot;infinite&quot;:&quot;yes&quot;,&quot;speed&quot;:500,&quot;image_spacing_custom&quot;:{&quot;unit&quot;:&quot;px&quot;,&quot;size&quot;:20,&quot;sizes&quot;:[]},&quot;image_spacing_custom_laptop&quot;:{&quot;unit&quot;:&quot;px&quot;,&quot;size&quot;:&quot;&quot;,&quot;sizes&quot;:[]},&quot;image_spacing_custom_tablet&quot;:{&quot;unit&quot;:&quot;px&quot;,&quot;size&quot;:&quot;&quot;,&quot;sizes&quot;:[]}}\" data-widget_type=\"image-carousel.default\">\n\t\t\t\t<div class=\"elementor-widget-container\">\n\t\t\t\t\t\t\t<div class=\"elementor-image-carousel-wrapper swiper\" role=\"region\" aria-roledescription=\"carousel\" aria-label=\"Carrousel d\u2019images\" dir=\"ltr\">\n\t\t\t<div class=\"elementor-image-carousel swiper-wrapper swiper-image-stretch\" aria-live=\"off\">\n\t\t\t\t\t\t\t\t<div class=\"swiper-slide\" role=\"group\" aria-roledescription=\"slide\" aria-label=\"1 sur 2\"><figure class=\"swiper-slide-inner\"><img decoding=\"async\" class=\"swiper-slide-image\" src=\"https:\/\/www.cf-moto.fr\/quad-ssv-utv\/wp-content\/uploads\/sites\/3\/2024\/01\/CFMOTO-Dakar-20245.jpg\" alt=\"CFMOTO - Dakar 20245\" \/><\/figure><\/div><div class=\"swiper-slide\" role=\"group\" aria-roledescription=\"slide\" aria-label=\"2 sur 2\"><figure class=\"swiper-slide-inner\"><img decoding=\"async\" class=\"swiper-slide-image\" src=\"https:\/\/www.cf-moto.fr\/quad-ssv-utv\/wp-content\/uploads\/sites\/3\/2024\/01\/CFMOTO-Dakar-20246.jpg\" alt=\"CFMOTO - Dakar 20246\" \/><\/figure><\/div>\t\t\t<\/div>\n\t\t\t\t\t\t\t\n\t\t\t\t\t\t\t\t\t<\/div>\n\t\t\t\t\t\t<\/div>\n\t\t\t\t<\/div>\n\t\t\t\t\t<\/div>\n\t\t\t\t<\/div>\n\t\t<div class=\"elementor-element elementor-element-79319ee e-flex e-con-boxed e-con e-parent\" data-id=\"79319ee\" data-element_type=\"container\">\n\t\t\t\t\t<div class=\"e-con-inner\">\n\t\t\t\t<div class=\"elementor-element elementor-element-ec0a4b1 elementor-widget elementor-widget-heading\" data-id=\"ec0a4b1\" data-element_type=\"widget\" data-widget_type=\"heading.default\">\n\t\t\t\t<div class=\"elementor-widget-container\">\n\t\t\t\t\t<h2 class=\"elementor-heading-title elementor-size-default\">CFMOTO, pr\u00e9sent dans les comp\u00e9titions les plus mythiques<\/h2>\t\t\t\t<\/div>\n\t\t\t\t<\/div>\n\t\t\t\t<div class=\"elementor-element elementor-element-09d0493 elementor-widget-tablet__width-inherit link-text elementor-widget elementor-widget-text-editor\" data-id=\"09d0493\" data-element_type=\"widget\" data-widget_type=\"text-editor.default\">\n\t\t\t\t<div class=\"elementor-widget-container\">\n\t\t\t\t\t\t\t\t\t<p>L&rsquo;attrait des courses et des comp\u00e9titions r\u00e9side dans leurs d\u00e9fis, et la performance de CFMOTO dans ce Dakar Rallye est le meilleur t\u00e9moignage de la transcendance de soi.<\/p><p>Une nouvelle aventure est sur le point de commencer, nous sommes tous impatients de voir la pr\u00e9sence de CFMOTO sur la sc\u00e8ne mondiale aux c\u00f4t\u00e9s des autres constructeurs et pilotes.<\/p><p>Cela pr\u00e9sente un autre d\u00e9fi intr\u00e9pide, mettant en avant la d\u00e9termination in\u00e9branlable de l&rsquo;expertise tout-terrain Chinoise devant le monde.<\/p>\t\t\t\t\t\t\t\t<\/div>\n\t\t\t\t<\/div>\n\t\t\t\t<div class=\"elementor-element elementor-element-4399ff4 elementor-widget elementor-widget-image-carousel\" data-id=\"4399ff4\" data-element_type=\"widget\" data-settings=\"{&quot;navigation&quot;:&quot;none&quot;,&quot;slides_to_show_tablet&quot;:&quot;2&quot;,&quot;slides_to_show_mobile&quot;:&quot;1&quot;,&quot;slides_to_show&quot;:&quot;2&quot;,&quot;slides_to_scroll&quot;:&quot;1&quot;,&quot;autoplay&quot;:&quot;yes&quot;,&quot;pause_on_hover&quot;:&quot;yes&quot;,&quot;pause_on_interaction&quot;:&quot;yes&quot;,&quot;autoplay_speed&quot;:5000,&quot;infinite&quot;:&quot;yes&quot;,&quot;speed&quot;:500,&quot;image_spacing_custom&quot;:{&quot;unit&quot;:&quot;px&quot;,&quot;size&quot;:20,&quot;sizes&quot;:[]},&quot;image_spacing_custom_laptop&quot;:{&quot;unit&quot;:&quot;px&quot;,&quot;size&quot;:&quot;&quot;,&quot;sizes&quot;:[]},&quot;image_spacing_custom_tablet&quot;:{&quot;unit&quot;:&quot;px&quot;,&quot;size&quot;:&quot;&quot;,&quot;sizes&quot;:[]}}\" data-widget_type=\"image-carousel.default\">\n\t\t\t\t<div class=\"elementor-widget-container\">\n\t\t\t\t\t\t\t<div class=\"elementor-image-carousel-wrapper swiper\" role=\"region\" aria-roledescription=\"carousel\" aria-label=\"Carrousel d\u2019images\" dir=\"ltr\">\n\t\t\t<div class=\"elementor-image-carousel swiper-wrapper swiper-image-stretch\" aria-live=\"off\">\n\t\t\t\t\t\t\t\t<div class=\"swiper-slide\" role=\"group\" aria-roledescription=\"slide\" aria-label=\"1 sur 2\"><figure class=\"swiper-slide-inner\"><img decoding=\"async\" class=\"swiper-slide-image\" src=\"https:\/\/www.cf-moto.fr\/quad-ssv-utv\/wp-content\/uploads\/sites\/3\/2024\/01\/CFMOTO-Dakar-20247.jpg\" alt=\"CFMOTO - Dakar 20247\" \/><\/figure><\/div><div class=\"swiper-slide\" role=\"group\" aria-roledescription=\"slide\" aria-label=\"2 sur 2\"><figure class=\"swiper-slide-inner\"><img decoding=\"async\" class=\"swiper-slide-image\" src=\"https:\/\/www.cf-moto.fr\/quad-ssv-utv\/wp-content\/uploads\/sites\/3\/2024\/01\/CFMOTO-Dakar-20241.jpg\" alt=\"CFMOTO - Dakar 20241\" \/><\/figure><\/div>\t\t\t<\/div>\n\t\t\t\t\t\t\t\n\t\t\t\t\t\t\t\t\t<\/div>\n\t\t\t\t\t\t<\/div>\n\t\t\t\t<\/div>\n\t\t\t\t\t<\/div>\n\t\t\t\t<\/div>\n\t\t<div class=\"elementor-element elementor-element-cf98e74 e-con-full e-flex e-con e-parent\" data-id=\"cf98e74\" data-element_type=\"container\">\n\t\t<div class=\"elementor-element elementor-element-415c479 e-flex e-con-boxed e-con e-parent\" data-id=\"415c479\" data-element_type=\"container\">\n\t\t\t\t\t<div class=\"e-con-inner\">\n\t\t\t\t<div class=\"elementor-element elementor-element-1953b72 elementor-widget-divider--view-line elementor-widget elementor-widget-divider\" data-id=\"1953b72\" data-element_type=\"widget\" data-widget_type=\"divider.default\">\n\t\t\t\t<div class=\"elementor-widget-container\">\n\t\t\t\t\t\t\t<div class=\"elementor-divider\">\n\t\t\t<span class=\"elementor-divider-separator\">\n\t\t\t\t\t\t<\/span>\n\t\t<\/div>\n\t\t\t\t\t\t<\/div>\n\t\t\t\t<\/div>\n\t\t\t\t<div class=\"elementor-element elementor-element-1e06cc8 elementor-widget elementor-widget-heading\" data-id=\"1e06cc8\" data-element_type=\"widget\" data-widget_type=\"heading.default\">\n\t\t\t\t<div class=\"elementor-widget-container\">\n\t\t\t\t\t<div class=\"elementor-heading-title elementor-size-default\">Autres articles<\/div>\t\t\t\t<\/div>\n\t\t\t\t<\/div>\n\t\t\t\t<div class=\"elementor-element elementor-element-537ea2a elementor-grid-3 elementor-grid-tablet-2 elementor-grid-mobile-1 elementor-posts--thumbnail-top elementor-card-shadow-yes elementor-posts__hover-gradient elementor-widget elementor-widget-posts\" data-id=\"537ea2a\" data-element_type=\"widget\" data-settings=\"{&quot;cards_columns&quot;:&quot;3&quot;,&quot;cards_columns_tablet&quot;:&quot;2&quot;,&quot;cards_columns_mobile&quot;:&quot;1&quot;,&quot;cards_row_gap&quot;:{&quot;unit&quot;:&quot;px&quot;,&quot;size&quot;:35,&quot;sizes&quot;:[]},&quot;cards_row_gap_laptop&quot;:{&quot;unit&quot;:&quot;px&quot;,&quot;size&quot;:&quot;&quot;,&quot;sizes&quot;:[]},&quot;cards_row_gap_tablet&quot;:{&quot;unit&quot;:&quot;px&quot;,&quot;size&quot;:&quot;&quot;,&quot;sizes&quot;:[]},&quot;cards_row_gap_mobile&quot;:{&quot;unit&quot;:&quot;px&quot;,&quot;size&quot;:&quot;&quot;,&quot;sizes&quot;:[]}}\" data-widget_type=\"posts.cards\">\n\t\t\t\t<div class=\"elementor-widget-container\">\n\t\t\t\t\t\t\t<div class=\"elementor-posts-container elementor-posts elementor-posts--skin-cards elementor-grid\" role=\"list\">\n\t\t\t\t<article class=\"elementor-post elementor-grid-item post-15506 post type-post status-publish format-standard has-post-thumbnail hentry category-actualites\" role=\"listitem\">\n\t\t\t<div class=\"elementor-post__card\">\n\t\t\t\t<a class=\"elementor-post__thumbnail__link\" href=\"https:\/\/www.cf-moto.fr\/quad-ssv-utv\/journees-portes-ouvertes-cfmoto-les-24-et-25-avril-venez-decouvrir-le-nouveau-cforce-c5\/\" tabindex=\"-1\" ><div class=\"elementor-post__thumbnail\"><img fetchpriority=\"high\" decoding=\"async\" width=\"800\" height=\"1000\" src=\"https:\/\/www.cf-moto.fr\/quad-ssv-utv\/wp-content\/uploads\/sites\/3\/2026\/04\/CFORCE-C5-Annonce-JPO.jpg\" class=\"attachment-full size-full wp-image-15507\" alt=\"\" srcset=\"https:\/\/www.cf-moto.fr\/quad-ssv-utv\/wp-content\/uploads\/sites\/3\/2026\/04\/CFORCE-C5-Annonce-JPO.jpg 800w, https:\/\/www.cf-moto.fr\/quad-ssv-utv\/wp-content\/uploads\/sites\/3\/2026\/04\/CFORCE-C5-Annonce-JPO-240x300.jpg 240w, https:\/\/www.cf-moto.fr\/quad-ssv-utv\/wp-content\/uploads\/sites\/3\/2026\/04\/CFORCE-C5-Annonce-JPO-768x960.jpg 768w, https:\/\/www.cf-moto.fr\/quad-ssv-utv\/wp-content\/uploads\/sites\/3\/2026\/04\/CFORCE-C5-Annonce-JPO-600x750.jpg 600w\" sizes=\"(max-width: 800px) 100vw, 800px\" \/><\/div><\/a>\n\t\t\t\t<div class=\"elementor-post__badge\">Actualit\u00e9s<\/div>\n\t\t\t\t<div class=\"elementor-post__text\">\n\t\t\t\t<h3 class=\"elementor-post__title\">\n\t\t\t<a href=\"https:\/\/www.cf-moto.fr\/quad-ssv-utv\/journees-portes-ouvertes-cfmoto-les-24-et-25-avril-venez-decouvrir-le-nouveau-cforce-c5\/\" >\n\t\t\t\tJourn\u00e9es Portes Ouvertes CFMOTO les 24 et 25 avril : venez d\u00e9couvrir le nouveau CFORCE C5\t\t\t<\/a>\n\t\t<\/h3>\n\t\t\t\t<div class=\"elementor-post__excerpt\">\n\t\t\t<p>Les 24 et 25 avril, le r\u00e9seau CFMOTO organise ses journ\u00e9es portes ouvertes. Venez essayer le nouveau CFORCE C5 et profitez d&rsquo;offres exclusives dans les concessions participantes.<\/p>\n\t\t<\/div>\n\t\t\t\t<\/div>\n\t\t\t\t<div class=\"elementor-post__meta-data\">\n\t\t\t\t\t<span class=\"elementor-post-date\">\n\t\t\t08\/04\/2026\t\t<\/span>\n\t\t\t\t<\/div>\n\t\t\t\t\t<\/div>\n\t\t<\/article>\n\t\t\t\t<article class=\"elementor-post elementor-grid-item post-15401 post type-post status-publish format-standard has-post-thumbnail hentry category-non-classe\" role=\"listitem\">\n\t\t\t<div class=\"elementor-post__card\">\n\t\t\t\t<a class=\"elementor-post__thumbnail__link\" href=\"https:\/\/www.cf-moto.fr\/quad-ssv-utv\/cfmoto-devoile-les-nouveaux-cforce-c4-c5-et-c6-pro-a-nice\/\" tabindex=\"-1\" ><div class=\"elementor-post__thumbnail\"><img decoding=\"async\" width=\"2000\" height=\"1333\" src=\"https:\/\/www.cf-moto.fr\/quad-ssv-utv\/wp-content\/uploads\/sites\/3\/2026\/03\/Lancement-gamme-quads-2024-CFMOTO-visuel_4.jpg\" class=\"attachment-full size-full wp-image-15405\" alt=\"\" srcset=\"https:\/\/www.cf-moto.fr\/quad-ssv-utv\/wp-content\/uploads\/sites\/3\/2026\/03\/Lancement-gamme-quads-2024-CFMOTO-visuel_4.jpg 2000w, https:\/\/www.cf-moto.fr\/quad-ssv-utv\/wp-content\/uploads\/sites\/3\/2026\/03\/Lancement-gamme-quads-2024-CFMOTO-visuel_4-300x200.jpg 300w, https:\/\/www.cf-moto.fr\/quad-ssv-utv\/wp-content\/uploads\/sites\/3\/2026\/03\/Lancement-gamme-quads-2024-CFMOTO-visuel_4-1024x682.jpg 1024w, https:\/\/www.cf-moto.fr\/quad-ssv-utv\/wp-content\/uploads\/sites\/3\/2026\/03\/Lancement-gamme-quads-2024-CFMOTO-visuel_4-768x512.jpg 768w, https:\/\/www.cf-moto.fr\/quad-ssv-utv\/wp-content\/uploads\/sites\/3\/2026\/03\/Lancement-gamme-quads-2024-CFMOTO-visuel_4-1536x1024.jpg 1536w, https:\/\/www.cf-moto.fr\/quad-ssv-utv\/wp-content\/uploads\/sites\/3\/2026\/03\/Lancement-gamme-quads-2024-CFMOTO-visuel_4-600x400.jpg 600w\" sizes=\"(max-width: 2000px) 100vw, 2000px\" \/><\/div><\/a>\n\t\t\t\t<div class=\"elementor-post__badge\">Non class\u00e9<\/div>\n\t\t\t\t<div class=\"elementor-post__text\">\n\t\t\t\t<h3 class=\"elementor-post__title\">\n\t\t\t<a href=\"https:\/\/www.cf-moto.fr\/quad-ssv-utv\/cfmoto-devoile-les-nouveaux-cforce-c4-c5-et-c6-pro-a-nice\/\" >\n\t\t\t\tCFMOTO d\u00e9voile les nouveaux CFORCE C4, C5 et C6 PRO \u00e0 Nice\t\t\t<\/a>\n\t\t<\/h3>\n\t\t\t\t<div class=\"elementor-post__excerpt\">\n\t\t\t<p>CFMOTO a pr\u00e9sent\u00e9 trois nouveaux quads CFORCE \u00e0 Nice devant 200 professionnels. C4, C5 et C6 PRO incarnent une nouvelle g\u00e9n\u00e9ration pens\u00e9e pour le terrain et l&rsquo;utilisateur.<\/p>\n\t\t<\/div>\n\t\t\t\t<\/div>\n\t\t\t\t<div class=\"elementor-post__meta-data\">\n\t\t\t\t\t<span class=\"elementor-post-date\">\n\t\t\t26\/03\/2026\t\t<\/span>\n\t\t\t\t<\/div>\n\t\t\t\t\t<\/div>\n\t\t<\/article>\n\t\t\t\t<article class=\"elementor-post elementor-grid-item post-14590 post type-post status-publish format-standard has-post-thumbnail hentry category-actualites\" role=\"listitem\">\n\t\t\t<div class=\"elementor-post__card\">\n\t\t\t\t<a class=\"elementor-post__thumbnail__link\" href=\"https:\/\/www.cf-moto.fr\/quad-ssv-utv\/cfmoto-a-leicma-2025-le-futur-du-off-road-devoile\/\" tabindex=\"-1\" ><div class=\"elementor-post__thumbnail\"><img decoding=\"async\" width=\"1300\" height=\"866\" src=\"https:\/\/www.cf-moto.fr\/quad-ssv-utv\/wp-content\/uploads\/sites\/3\/2025\/11\/CFMOTO-EICMA-2025-Visuel_6.jpg\" class=\"attachment-full size-full wp-image-14592\" alt=\"\" srcset=\"https:\/\/www.cf-moto.fr\/quad-ssv-utv\/wp-content\/uploads\/sites\/3\/2025\/11\/CFMOTO-EICMA-2025-Visuel_6.jpg 1300w, https:\/\/www.cf-moto.fr\/quad-ssv-utv\/wp-content\/uploads\/sites\/3\/2025\/11\/CFMOTO-EICMA-2025-Visuel_6-300x200.jpg 300w, https:\/\/www.cf-moto.fr\/quad-ssv-utv\/wp-content\/uploads\/sites\/3\/2025\/11\/CFMOTO-EICMA-2025-Visuel_6-1024x682.jpg 1024w, https:\/\/www.cf-moto.fr\/quad-ssv-utv\/wp-content\/uploads\/sites\/3\/2025\/11\/CFMOTO-EICMA-2025-Visuel_6-768x512.jpg 768w, https:\/\/www.cf-moto.fr\/quad-ssv-utv\/wp-content\/uploads\/sites\/3\/2025\/11\/CFMOTO-EICMA-2025-Visuel_6-600x400.jpg 600w\" sizes=\"(max-width: 1300px) 100vw, 1300px\" \/><\/div><\/a>\n\t\t\t\t<div class=\"elementor-post__badge\">Actualit\u00e9s<\/div>\n\t\t\t\t<div class=\"elementor-post__text\">\n\t\t\t\t<h3 class=\"elementor-post__title\">\n\t\t\t<a href=\"https:\/\/www.cf-moto.fr\/quad-ssv-utv\/cfmoto-a-leicma-2025-le-futur-du-off-road-devoile\/\" >\n\t\t\t\tCFMOTO \u00c0 L&rsquo;EICMA 2025 : Le futur du Off Road d\u00e9voil\u00e9\t\t\t<\/a>\n\t\t<\/h3>\n\t\t\t\t<div class=\"elementor-post__excerpt\">\n\t\t\t<p>La gamme tout-terrain CFMOTO entre dans une nouvelle \u00e8re \u00e0 EICMA 2025. Le concept CFORCE TECH GEN\u2074 red\u00e9finit les standards du quad moderne.<\/p>\n\t\t<\/div>\n\t\t\t\t<\/div>\n\t\t\t\t<div class=\"elementor-post__meta-data\">\n\t\t\t\t\t<span class=\"elementor-post-date\">\n\t\t\t13\/11\/2025\t\t<\/span>\n\t\t\t\t<\/div>\n\t\t\t\t\t<\/div>\n\t\t<\/article>\n\t\t\t\t<\/div>\n\t\t\n\t\t\t\t\t\t<\/div>\n\t\t\t\t<\/div>\n\t\t\t\t\t<\/div>\n\t\t\t\t<\/div>\n\t\t\t\t<\/div>\n\t\t\t\t<\/div>\n\t\t","protected":false},"excerpt":{"rendered":"<p>Pour sa premi\u00e8re participation au mythique rallye du Dakar, CFMOTO devient la premi\u00e8re marque Chinoise \u00e0 terminer cette course, avec une 5\u00e8me place au classement Quad !<\/p>\n","protected":false},"author":1,"featured_media":10659,"comment_status":"closed","ping_status":"open","sticky":false,"template":"","format":"standard","meta":{"_acf_changed":false,"footnotes":""},"categories":[13],"tags":[],"class_list":["post-10654","post","type-post","status-publish","format-standard","has-post-thumbnail","hentry","category-competition"],"acf":[],"_links":{"self":[{"href":"https:\/\/www.cf-moto.fr\/quad-ssv-utv\/wp-json\/wp\/v2\/posts\/10654","targetHints":{"allow":["GET"]}}],"collection":[{"href":"https:\/\/www.cf-moto.fr\/quad-ssv-utv\/wp-json\/wp\/v2\/posts"}],"about":[{"href":"https:\/\/www.cf-moto.fr\/quad-ssv-utv\/wp-json\/wp\/v2\/types\/post"}],"author":[{"embeddable":true,"href":"https:\/\/www.cf-moto.fr\/quad-ssv-utv\/wp-json\/wp\/v2\/users\/1"}],"replies":[{"embeddable":true,"href":"https:\/\/www.cf-moto.fr\/quad-ssv-utv\/wp-json\/wp\/v2\/comments?post=10654"}],"version-history":[{"count":0,"href":"https:\/\/www.cf-moto.fr\/quad-ssv-utv\/wp-json\/wp\/v2\/posts\/10654\/revisions"}],"wp:featuredmedia":[{"embeddable":true,"href":"https:\/\/www.cf-moto.fr\/quad-ssv-utv\/wp-json\/wp\/v2\/media\/10659"}],"wp:attachment":[{"href":"https:\/\/www.cf-moto.fr\/quad-ssv-utv\/wp-json\/wp\/v2\/media?parent=10654"}],"wp:term":[{"taxonomy":"category","embeddable":true,"href":"https:\/\/www.cf-moto.fr\/quad-ssv-utv\/wp-json\/wp\/v2\/categories?post=10654"},{"taxonomy":"post_tag","embeddable":true,"href":"https:\/\/www.cf-moto.fr\/quad-ssv-utv\/wp-json\/wp\/v2\/tags?post=10654"}],"curies":[{"name":"wp","href":"https:\/\/api.w.org\/{rel}","templated":true}]}}