{"id":15467,"date":"2026-04-08T09:15:29","date_gmt":"2026-04-08T07:15:29","guid":{"rendered":"https:\/\/www.cf-moto.fr\/moto\/?p=15467"},"modified":"2026-04-13T14:00:33","modified_gmt":"2026-04-13T12:00:33","slug":"journees-portes-ouvertes-cfmoto-les-24-et-25-avril-venez-decouvrir-la-nouvelle-1000mt-x","status":"publish","type":"post","link":"https:\/\/www.cf-moto.fr\/moto\/journees-portes-ouvertes-cfmoto-les-24-et-25-avril-venez-decouvrir-la-nouvelle-1000mt-x\/","title":{"rendered":"Journ\u00e9es Portes Ouvertes CFMOTO les 24 et 25 avril : venez d\u00e9couvrir la nouvelle 1000MT-X"},"content":{"rendered":"\t\t<div data-elementor-type=\"wp-post\" data-elementor-id=\"15467\" class=\"elementor elementor-15467\" data-elementor-post-type=\"post\">\n\t\t\t\t<div class=\"elementor-element elementor-element-65a53ee e-con-full e-flex e-con e-parent\" data-id=\"65a53ee\" data-element_type=\"container\" data-settings=\"{&quot;background_background&quot;:&quot;classic&quot;}\">\n\t\t<div class=\"elementor-element elementor-element-ebd0b4f e-flex e-con-boxed e-con e-child\" data-id=\"ebd0b4f\" data-element_type=\"container\">\n\t\t\t\t\t<div class=\"e-con-inner\">\n\t\t\t\t<div class=\"elementor-element elementor-element-0148031 elementor-widget elementor-widget-heading\" data-id=\"0148031\" data-element_type=\"widget\" data-widget_type=\"heading.default\">\n\t\t\t\t<div class=\"elementor-widget-container\">\n\t\t\t\t\t<h1 class=\"elementor-heading-title elementor-size-default\">Journ\u00e9es Portes Ouvertes CFMOTO les 24 et 25 avril : venez d\u00e9couvrir la nouvelle 1000MT-X<\/h1>\t\t\t\t<\/div>\n\t\t\t\t<\/div>\n\t\t\t\t<div class=\"elementor-element elementor-element-31de0fc elementor-widget__width-initial elementor-widget elementor-widget-text-editor\" data-id=\"31de0fc\" data-element_type=\"widget\" data-widget_type=\"text-editor.default\">\n\t\t\t\t<div class=\"elementor-widget-container\">\n\t\t\t\t\t\t\t\t\tLes 24 et 25 avril, le r\u00e9seau CFMOTO organise ses journ\u00e9es portes ouvertes. Venez essayer la nouvelle 1000MT-X et profitez d&rsquo;offres exclusives dans les concessions participantes.\t\t\t\t\t\t\t\t<\/div>\n\t\t\t\t<\/div>\n\t\t\t\t\t<\/div>\n\t\t\t\t<\/div>\n\t\t\t\t<\/div>\n\t\t<div class=\"elementor-element elementor-element-1eddb4b e-flex e-con-boxed e-con e-parent\" data-id=\"1eddb4b\" data-element_type=\"container\">\n\t\t\t\t\t<div class=\"e-con-inner\">\n\t\t\t\t<div class=\"elementor-element elementor-element-33bbb9e elementor-widget-tablet__width-inherit link-text elementor-widget elementor-widget-text-editor\" data-id=\"33bbb9e\" data-element_type=\"widget\" data-widget_type=\"text-editor.default\">\n\t\t\t\t<div class=\"elementor-widget-container\">\n\t\t\t\t\t\t\t\t\tLes 24 et 25 avril, le r\u00e9seau CFMOTO France organise deux journ\u00e9es portes ouvertes \u00e0 l&rsquo;\u00e9chelle nationale. Ces deux jours sont l&rsquo;occasion pour les passionn\u00e9s comme pour les curieux de venir d\u00e9couvrir la gamme CFMOTO, d&rsquo;\u00e9changer avec les \u00e9quipes en concession et surtout d&rsquo;essayer en conditions r\u00e9elles la derni\u00e8re grande nouveaut\u00e9 de la marque : la 1000MT-X\t\t\t\t\t\t\t\t<\/div>\n\t\t\t\t<\/div>\n\t\t\t\t\t<\/div>\n\t\t\t\t<\/div>\n\t\t<div class=\"elementor-element elementor-element-5d16990 e-flex e-con-boxed e-con e-parent\" data-id=\"5d16990\" data-element_type=\"container\" data-settings=\"{&quot;background_background&quot;:&quot;classic&quot;}\">\n\t\t\t\t\t<div class=\"e-con-inner\">\n\t\t<div class=\"elementor-element elementor-element-1a1dadd e-con-full e-flex e-con e-child\" data-id=\"1a1dadd\" data-element_type=\"container\">\n\t\t\t\t<div class=\"elementor-element elementor-element-f7bd4e9 elementor-skin-carousel elementor-pagination-type-bullets elementor-pagination-position-outside elementor-widget elementor-widget-media-carousel\" data-id=\"f7bd4e9\" data-element_type=\"widget\" data-settings=\"{&quot;space_between&quot;:{&quot;unit&quot;:&quot;px&quot;,&quot;size&quot;:20,&quot;sizes&quot;:[]},&quot;skin&quot;:&quot;carousel&quot;,&quot;effect&quot;:&quot;slide&quot;,&quot;pagination&quot;:&quot;bullets&quot;,&quot;speed&quot;:500,&quot;autoplay&quot;:&quot;yes&quot;,&quot;autoplay_speed&quot;:5000,&quot;loop&quot;:&quot;yes&quot;,&quot;pause_on_hover&quot;:&quot;yes&quot;,&quot;pause_on_interaction&quot;:&quot;yes&quot;,&quot;space_between_laptop&quot;:{&quot;unit&quot;:&quot;px&quot;,&quot;size&quot;:10,&quot;sizes&quot;:[]},&quot;space_between_tablet&quot;:{&quot;unit&quot;:&quot;px&quot;,&quot;size&quot;:10,&quot;sizes&quot;:[]},&quot;space_between_mobile&quot;:{&quot;unit&quot;:&quot;px&quot;,&quot;size&quot;:10,&quot;sizes&quot;:[]}}\" data-widget_type=\"media-carousel.default\">\n\t\t\t\t<div class=\"elementor-widget-container\">\n\t\t\t\t\t\t\t\t\t<div class=\"elementor-swiper\">\n\t\t\t\t\t<div class=\"elementor-main-swiper swiper\" role=\"region\" aria-roledescription=\"carousel\" aria-label=\"Diapositives\">\n\t\t\t\t<div class=\"swiper-wrapper\">\n\t\t\t\t\t\t\t\t\t\t\t<div class=\"swiper-slide\" role=\"group\" aria-roledescription=\"slide\">\n\t\t\t\t\t\t\t\t\t<div class=\"elementor-carousel-image\" role=\"img\" aria-label=\"\" style=\"background-image: url(&#039;https:\/\/assets-gdfrance.com\/wp-content\/uploads\/2025\/11\/CFMOTO-1000MT-X-Crefted-Visuel_11.webp&#039;)\">\n\n\t\t\t\n\t\t\t\t\t<\/div>\n\t\t\t\t\t\t\t\t<\/div>\n\t\t\t\t\t\t\t\t\t\t\t<div class=\"swiper-slide\" role=\"group\" aria-roledescription=\"slide\">\n\t\t\t\t\t\t\t\t\t<div class=\"elementor-carousel-image\" role=\"img\" aria-label=\"\" style=\"background-image: url(&#039;https:\/\/assets-gdfrance.com\/wp-content\/uploads\/2025\/11\/CFMOTO-1000MT-X-Visuel_6.webp&#039;)\">\n\n\t\t\t\n\t\t\t\t\t<\/div>\n\t\t\t\t\t\t\t\t<\/div>\n\t\t\t\t\t\t\t\t\t\t\t<div class=\"swiper-slide\" role=\"group\" aria-roledescription=\"slide\">\n\t\t\t\t\t\t\t\t\t<div class=\"elementor-carousel-image\" role=\"img\" aria-label=\"\" style=\"background-image: url(&#039;https:\/\/assets-gdfrance.com\/wp-content\/uploads\/2025\/11\/CFMOTO-1000MT-X-Crefted-Visuel_3.webp&#039;)\">\n\n\t\t\t\n\t\t\t\t\t<\/div>\n\t\t\t\t\t\t\t\t<\/div>\n\t\t\t\t\t\t\t\t\t<\/div>\n\t\t\t\t\t\t\t\t\t\t\t\t\t\t\t\t\t\t\t\t<div class=\"swiper-pagination\"><\/div>\n\t\t\t\t\t\t\t\t\t\t\t\t<\/div>\n\t\t\t\t<\/div>\n\t\t\t\t\t\t\t\t<\/div>\n\t\t\t\t<\/div>\n\t\t\t\t<\/div>\n\t\t\t\t\t<\/div>\n\t\t\t\t<\/div>\n\t\t<div class=\"elementor-element elementor-element-8ae8169 e-flex e-con-boxed e-con e-parent\" data-id=\"8ae8169\" data-element_type=\"container\">\n\t\t\t\t\t<div class=\"e-con-inner\">\n\t\t\t\t<div class=\"elementor-element elementor-element-b3390f0 elementor-widget elementor-widget-heading\" data-id=\"b3390f0\" data-element_type=\"widget\" data-widget_type=\"heading.default\">\n\t\t\t\t<div class=\"elementor-widget-container\">\n\t\t\t\t\t<h2 class=\"elementor-heading-title elementor-size-default\">La nouvelle 1000MT-X au c\u0153ur de l'\u00e9v\u00e9nement<\/h2>\t\t\t\t<\/div>\n\t\t\t\t<\/div>\n\t\t\t\t<div class=\"elementor-element elementor-element-40a79de elementor-widget-tablet__width-inherit link-text elementor-widget elementor-widget-text-editor\" data-id=\"40a79de\" data-element_type=\"widget\" data-widget_type=\"text-editor.default\">\n\t\t\t\t<div class=\"elementor-widget-container\">\n\t\t\t\t\t\t\t\t\t<p>La 1000MT-X repr\u00e9sente la derni\u00e8re \u00e9volution majeure de la gamme trail CFMOTO. Con\u00e7ue pour allier polyvalence, performance et capacit\u00e9 \u00e0 s&rsquo;aventurer sur tous les terrains, elle incarne la philosophie \u00ab\u00a0Ride Beyond\u00a0\u00bb qui structure aujourd&rsquo;hui l&rsquo;identit\u00e9 de la marque. Elle s&rsquo;adresse aux pilotes \u00e0 la recherche d&rsquo;une machine capable d&rsquo;\u00e9voluer aussi bien sur route que sur piste, avec un niveau d&rsquo;\u00e9quipement et une ergonomie pens\u00e9s pour les longues distances comme pour les sorties plus engag\u00e9es.<\/p><p>Pendant les deux journ\u00e9es portes ouvertes, les concessions participantes mettent la 1000MT-X \u00e0 disposition pour des essais dynamiques. Ces essais permettent d&rsquo;appr\u00e9cier directement le comportement de la moto, ses sensations de conduite et son niveau de confort.<\/p>\t\t\t\t\t\t\t\t<\/div>\n\t\t\t\t<\/div>\n\t\t\t\t<div class=\"elementor-element elementor-element-79ce412 elementor-widget elementor-widget-heading\" data-id=\"79ce412\" data-element_type=\"widget\" data-widget_type=\"heading.default\">\n\t\t\t\t<div class=\"elementor-widget-container\">\n\t\t\t\t\t<h2 class=\"elementor-heading-title elementor-size-default\">D\u00e9couvrez toute la gamme CFMOTO 2026<\/h2>\t\t\t\t<\/div>\n\t\t\t\t<\/div>\n\t\t\t\t<div class=\"elementor-element elementor-element-c497792 elementor-widget-tablet__width-inherit link-text elementor-widget elementor-widget-text-editor\" data-id=\"c497792\" data-element_type=\"widget\" data-widget_type=\"text-editor.default\">\n\t\t\t\t<div class=\"elementor-widget-container\">\n\t\t\t\t\t\t\t\t\t<p>Profitez-en \u00e9galement pour d\u00e9couvrir l&rsquo;ensemble de la gamme CFMOTO, comme la gamme 675, maintenant disponible en A2, et b\u00e9n\u00e9ficier d&rsquo;offres sp\u00e9ciales ! Les conseillers CFMOTO seront pr\u00e9sents partout en France pour r\u00e9pondre \u00e0 toutes vos questions !<\/p>\t\t\t\t\t\t\t\t<\/div>\n\t\t\t\t<\/div>\n\t\t\t\t<div class=\"elementor-element elementor-element-2ccdb73 elementor-skin-carousel elementor-widget elementor-widget-media-carousel\" data-id=\"2ccdb73\" data-element_type=\"widget\" data-settings=\"{&quot;slides_per_view&quot;:&quot;2&quot;,&quot;skin&quot;:&quot;carousel&quot;,&quot;effect&quot;:&quot;slide&quot;,&quot;speed&quot;:500,&quot;loop&quot;:&quot;yes&quot;,&quot;space_between&quot;:{&quot;unit&quot;:&quot;px&quot;,&quot;size&quot;:10,&quot;sizes&quot;:[]},&quot;space_between_laptop&quot;:{&quot;unit&quot;:&quot;px&quot;,&quot;size&quot;:10,&quot;sizes&quot;:[]},&quot;space_between_tablet&quot;:{&quot;unit&quot;:&quot;px&quot;,&quot;size&quot;:10,&quot;sizes&quot;:[]},&quot;space_between_mobile&quot;:{&quot;unit&quot;:&quot;px&quot;,&quot;size&quot;:10,&quot;sizes&quot;:[]}}\" data-widget_type=\"media-carousel.default\">\n\t\t\t\t<div class=\"elementor-widget-container\">\n\t\t\t\t\t\t\t\t\t<div class=\"elementor-swiper\">\n\t\t\t\t\t<div class=\"elementor-main-swiper swiper\" role=\"region\" aria-roledescription=\"carousel\" aria-label=\"Diapositives\">\n\t\t\t\t<div class=\"swiper-wrapper\">\n\t\t\t\t\t\t\t\t\t\t\t<div class=\"swiper-slide\" role=\"group\" aria-roledescription=\"slide\">\n\t\t\t\t\t\t\t\t\t<div class=\"elementor-carousel-image\" role=\"img\" aria-label=\"\" style=\"background-image: url(&#039;https:\/\/assets-gdfrance.com\/wp-content\/uploads\/2025\/04\/CFMOTO-675NK-visuel_21.webp&#039;)\">\n\n\t\t\t\n\t\t\t\t\t<\/div>\n\t\t\t\t\t\t\t\t<\/div>\n\t\t\t\t\t\t\t\t\t\t\t<div class=\"swiper-slide\" role=\"group\" aria-roledescription=\"slide\">\n\t\t\t\t\t\t\t\t\t<div class=\"elementor-carousel-image\" role=\"img\" aria-label=\"\" style=\"background-image: url(&#039;https:\/\/assets-gdfrance.com\/wp-content\/uploads\/2025\/11\/CFMOTO-1000MT-X-Crefted-Visuel_10.webp&#039;)\">\n\n\t\t\t\n\t\t\t\t\t<\/div>\n\t\t\t\t\t\t\t\t<\/div>\n\t\t\t\t\t\t\t\t\t<\/div>\n\t\t\t\t\t\t\t\t\t\t\t\t\t\t\t\t\t\t\t\t\t<\/div>\n\t\t\t\t<\/div>\n\t\t\t\t\t\t\t\t<\/div>\n\t\t\t\t<\/div>\n\t\t\t\t\t<\/div>\n\t\t\t\t<\/div>\n\t\t<div class=\"elementor-element elementor-element-f0c11f1 e-flex e-con-boxed e-con e-parent\" data-id=\"f0c11f1\" data-element_type=\"container\">\n\t\t\t\t\t<div class=\"e-con-inner\">\n\t\t\t\t<div class=\"elementor-element elementor-element-450dd9f elementor-widget elementor-widget-heading\" data-id=\"450dd9f\" data-element_type=\"widget\" data-widget_type=\"heading.default\">\n\t\t\t\t<div class=\"elementor-widget-container\">\n\t\t\t\t\t<h2 class=\"elementor-heading-title elementor-size-default\">Comment participer<\/h2>\t\t\t\t<\/div>\n\t\t\t\t<\/div>\n\t\t\t\t<div class=\"elementor-element elementor-element-a081fe6 elementor-widget-tablet__width-inherit link-text elementor-widget elementor-widget-text-editor\" data-id=\"a081fe6\" data-element_type=\"widget\" data-widget_type=\"text-editor.default\">\n\t\t\t\t<div class=\"elementor-widget-container\">\n\t\t\t\t\t\t\t\t\t<p>L&rsquo;entr\u00e9e est libre et gratuite, sans inscription pr\u00e9alable. Il vous suffit de vous rendre dans la concession CFMOTO participantes de votre choix le 24 ou le 25 avril. Chaque point de vente organise ses Journ\u00e9es Portes Ouvertes selon son propre planning et ses propres animations, nous vous invitons donc \u00e0 contacter directement votre concession pour conna\u00eetre le d\u00e9tail du programme, les cr\u00e9neaux d&rsquo;essai disponibles et les mod\u00e8les pr\u00e9sents sur place.<\/p>\t\t\t\t\t\t\t\t<\/div>\n\t\t\t\t<\/div>\n\t\t\t\t<div class=\"elementor-element elementor-element-4156f5d CTA-blur-body elementor-widget elementor-widget-button\" data-id=\"4156f5d\" data-element_type=\"widget\" data-widget_type=\"button.default\">\n\t\t\t\t<div class=\"elementor-widget-container\">\n\t\t\t\t\t\t\t\t\t<div class=\"elementor-button-wrapper\">\n\t\t\t\t\t<a class=\"elementor-button elementor-button-link elementor-size-sm\" href=\"https:\/\/www.cf-moto.fr\/moto\/concessionnaires\/\" target=\"_blank\">\n\t\t\t\t\t\t<span class=\"elementor-button-content-wrapper\">\n\t\t\t\t\t\t<span class=\"elementor-button-icon\">\n\t\t\t\t<svg xmlns=\"http:\/\/www.w3.org\/2000\/svg\" width=\"5.45\" height=\"9.58\" viewBox=\"0 0 5.45 9.58\"><path id=\"Trac&#xE9;_16\" data-name=\"Trac&#xE9; 16\" d=\"M9.58,1.914a.288.288,0,0,1-.135.26c-1.489,1.062-2.978,2.135-4.478,3.2a.24.24,0,0,1-.354,0C3.124,4.309,1.624,3.247.135,2.185A.317.317,0,0,1,0,1.914V.29A.261.261,0,0,1,.125.03a.289.289,0,0,1,.3.031C1.833.977,3.249,1.9,4.655,2.82a.2.2,0,0,0,.26,0C6.331,1.9,7.747.977,9.153.061A.273.273,0,0,1,9.445.03.252.252,0,0,1,9.57.29V1.925Z\" transform=\"translate(0 9.58) rotate(-90)\"><\/path><\/svg>\t\t\t<\/span>\n\t\t\t\t\t\t\t\t\t<span class=\"elementor-button-text\">Trouvez un concessionnaire CFMOTO<\/span>\n\t\t\t\t\t<\/span>\n\t\t\t\t\t<\/a>\n\t\t\t\t<\/div>\n\t\t\t\t\t\t\t\t<\/div>\n\t\t\t\t<\/div>\n\t\t\t\t\t<\/div>\n\t\t\t\t<\/div>\n\t\t<div class=\"elementor-element elementor-element-0f9ea6e e-con-full e-flex e-con e-parent\" data-id=\"0f9ea6e\" data-element_type=\"container\">\n\t\t<div class=\"elementor-element elementor-element-59310b2 e-flex e-con-boxed e-con e-child\" data-id=\"59310b2\" data-element_type=\"container\">\n\t\t\t\t\t<div class=\"e-con-inner\">\n\t\t\t\t<div class=\"elementor-element elementor-element-def204a elementor-widget-divider--view-line elementor-widget elementor-widget-divider\" data-id=\"def204a\" data-element_type=\"widget\" data-widget_type=\"divider.default\">\n\t\t\t\t<div class=\"elementor-widget-container\">\n\t\t\t\t\t\t\t<div class=\"elementor-divider\">\n\t\t\t<span class=\"elementor-divider-separator\">\n\t\t\t\t\t\t<\/span>\n\t\t<\/div>\n\t\t\t\t\t\t<\/div>\n\t\t\t\t<\/div>\n\t\t\t\t<div class=\"elementor-element elementor-element-94dd1bd elementor-widget elementor-widget-heading\" data-id=\"94dd1bd\" data-element_type=\"widget\" data-widget_type=\"heading.default\">\n\t\t\t\t<div class=\"elementor-widget-container\">\n\t\t\t\t\t<div class=\"elementor-heading-title elementor-size-default\">Autres articles<\/div>\t\t\t\t<\/div>\n\t\t\t\t<\/div>\n\t\t\t\t<div class=\"elementor-element elementor-element-dd7d704 elementor-grid-3 elementor-grid-tablet-2 elementor-grid-mobile-1 elementor-posts--thumbnail-top elementor-posts--show-avatar elementor-card-shadow-yes elementor-posts__hover-gradient elementor-widget elementor-widget-posts\" data-id=\"dd7d704\" data-element_type=\"widget\" data-settings=\"{&quot;cards_columns&quot;:&quot;3&quot;,&quot;cards_columns_tablet&quot;:&quot;2&quot;,&quot;cards_columns_mobile&quot;:&quot;1&quot;,&quot;cards_row_gap&quot;:{&quot;unit&quot;:&quot;px&quot;,&quot;size&quot;:35,&quot;sizes&quot;:[]},&quot;cards_row_gap_laptop&quot;:{&quot;unit&quot;:&quot;px&quot;,&quot;size&quot;:&quot;&quot;,&quot;sizes&quot;:[]},&quot;cards_row_gap_tablet&quot;:{&quot;unit&quot;:&quot;px&quot;,&quot;size&quot;:&quot;&quot;,&quot;sizes&quot;:[]},&quot;cards_row_gap_mobile&quot;:{&quot;unit&quot;:&quot;px&quot;,&quot;size&quot;:&quot;&quot;,&quot;sizes&quot;:[]}}\" data-widget_type=\"posts.cards\">\n\t\t\t\t<div class=\"elementor-widget-container\">\n\t\t\t\t\t\t\t<div class=\"elementor-posts-container elementor-posts elementor-posts--skin-cards elementor-grid\" role=\"list\">\n\t\t\t\t<article class=\"elementor-post elementor-grid-item post-15571 post type-post status-publish format-standard has-post-thumbnail hentry category-actualites\" role=\"listitem\">\n\t\t\t<div class=\"elementor-post__card\">\n\t\t\t\t<a class=\"elementor-post__thumbnail__link\" href=\"https:\/\/www.cf-moto.fr\/moto\/cfmoto-au-grand-prix-de-france-moto-2026-retrouvez-nous-au-village-du-7-au-10-mai\/\" tabindex=\"-1\" ><div class=\"elementor-post__thumbnail\"><img fetchpriority=\"high\" decoding=\"async\" width=\"2000\" height=\"1125\" src=\"https:\/\/www.cf-moto.fr\/moto\/wp-content\/uploads\/sites\/2\/2025\/05\/GP-France-2025-CMOTO-France-visuel_2.jpg\" class=\"attachment-full size-full wp-image-14178\" alt=\"\" srcset=\"https:\/\/www.cf-moto.fr\/moto\/wp-content\/uploads\/sites\/2\/2025\/05\/GP-France-2025-CMOTO-France-visuel_2.jpg 2000w, https:\/\/www.cf-moto.fr\/moto\/wp-content\/uploads\/sites\/2\/2025\/05\/GP-France-2025-CMOTO-France-visuel_2-300x169.jpg 300w, https:\/\/www.cf-moto.fr\/moto\/wp-content\/uploads\/sites\/2\/2025\/05\/GP-France-2025-CMOTO-France-visuel_2-1024x576.jpg 1024w, https:\/\/www.cf-moto.fr\/moto\/wp-content\/uploads\/sites\/2\/2025\/05\/GP-France-2025-CMOTO-France-visuel_2-768x432.jpg 768w, https:\/\/www.cf-moto.fr\/moto\/wp-content\/uploads\/sites\/2\/2025\/05\/GP-France-2025-CMOTO-France-visuel_2-1536x864.jpg 1536w, https:\/\/www.cf-moto.fr\/moto\/wp-content\/uploads\/sites\/2\/2025\/05\/GP-France-2025-CMOTO-France-visuel_2-600x338.jpg 600w\" sizes=\"(max-width: 2000px) 100vw, 2000px\" \/><\/div><\/a>\n\t\t\t\t<div class=\"elementor-post__badge\">Actualit\u00e9s<\/div>\n\t\t\t\t<div class=\"elementor-post__avatar\">\n\t\t\t\t\t<\/div>\n\t\t\t\t<div class=\"elementor-post__text\">\n\t\t\t\t<h3 class=\"elementor-post__title\">\n\t\t\t<a href=\"https:\/\/www.cf-moto.fr\/moto\/cfmoto-au-grand-prix-de-france-moto-2026-retrouvez-nous-au-village-du-7-au-10-mai\/\" >\n\t\t\t\tCFMOTO au Grand Prix de France Moto 2026 : retrouvez-nous au village du 7 au 10 mai\t\t\t<\/a>\n\t\t<\/h3>\n\t\t\t\t<div class=\"elementor-post__excerpt\">\n\t\t\t<p>CFMOTO sera pr\u00e9sent au Grand Prix de France Moto du 7 au 10 mai au village moto. Exposition de la gamme, d\u00e9dicace pilote Aspar le vendredi \u00e0 17h et un sac Aspar \u00e0 gagner sur le stand.<\/p>\n\t\t<\/div>\n\t\t\t\t<\/div>\n\t\t\t\t<div class=\"elementor-post__meta-data\">\n\t\t\t\t\t<span class=\"elementor-post-date\">\n\t\t\t22\/04\/2026\t\t<\/span>\n\t\t\t\t<\/div>\n\t\t\t\t\t<\/div>\n\t\t<\/article>\n\t\t\t\t<article class=\"elementor-post elementor-grid-item post-15414 post type-post status-publish format-standard has-post-thumbnail hentry category-actualites\" role=\"listitem\">\n\t\t\t<div class=\"elementor-post__card\">\n\t\t\t\t<a class=\"elementor-post__thumbnail__link\" href=\"https:\/\/www.cf-moto.fr\/moto\/cfmoto-day-2026-la-v4-sr-rr-fait-ses-debuts-sur-le-circuit-de-chengdu\/\" tabindex=\"-1\" ><div class=\"elementor-post__thumbnail\"><img decoding=\"async\" width=\"1500\" height=\"999\" src=\"https:\/\/www.cf-moto.fr\/moto\/wp-content\/uploads\/sites\/2\/2026\/04\/CFMOTO-Day-2026-Visuel_3.webp\" class=\"attachment-full size-full wp-image-15418\" alt=\"\" srcset=\"https:\/\/www.cf-moto.fr\/moto\/wp-content\/uploads\/sites\/2\/2026\/04\/CFMOTO-Day-2026-Visuel_3.webp 1500w, https:\/\/www.cf-moto.fr\/moto\/wp-content\/uploads\/sites\/2\/2026\/04\/CFMOTO-Day-2026-Visuel_3-300x200.webp 300w, https:\/\/www.cf-moto.fr\/moto\/wp-content\/uploads\/sites\/2\/2026\/04\/CFMOTO-Day-2026-Visuel_3-1024x682.webp 1024w, https:\/\/www.cf-moto.fr\/moto\/wp-content\/uploads\/sites\/2\/2026\/04\/CFMOTO-Day-2026-Visuel_3-768x511.webp 768w, https:\/\/www.cf-moto.fr\/moto\/wp-content\/uploads\/sites\/2\/2026\/04\/CFMOTO-Day-2026-Visuel_3-600x400.webp 600w\" sizes=\"(max-width: 1500px) 100vw, 1500px\" \/><\/div><\/a>\n\t\t\t\t<div class=\"elementor-post__badge\">Actualit\u00e9s<\/div>\n\t\t\t\t<div class=\"elementor-post__avatar\">\n\t\t\t\t\t<\/div>\n\t\t\t\t<div class=\"elementor-post__text\">\n\t\t\t\t<h3 class=\"elementor-post__title\">\n\t\t\t<a href=\"https:\/\/www.cf-moto.fr\/moto\/cfmoto-day-2026-la-v4-sr-rr-fait-ses-debuts-sur-le-circuit-de-chengdu\/\" >\n\t\t\t\tCFMOTO DAY 2026 : la V4 SR-RR fait ses d\u00e9buts sur le circuit de Chengdu\t\t\t<\/a>\n\t\t<\/h3>\n\t\t\t\t<div class=\"elementor-post__excerpt\">\n\t\t\t<p>Le CFMOTO DAY 2026 s&rsquo;est tenu \u00e0 Chengdu avec le lancement officiel de la 500SR et les d\u00e9buts dynamiques de la V4 SR-RR, premi\u00e8re sportive chinoise \u00e0 moteur V4 de 1 000 cc.<\/p>\n\t\t<\/div>\n\t\t\t\t<\/div>\n\t\t\t\t<div class=\"elementor-post__meta-data\">\n\t\t\t\t\t<span class=\"elementor-post-date\">\n\t\t\t13\/04\/2026\t\t<\/span>\n\t\t\t\t<\/div>\n\t\t\t\t\t<\/div>\n\t\t<\/article>\n\t\t\t\t<article class=\"elementor-post elementor-grid-item post-15434 post type-post status-publish format-standard has-post-thumbnail hentry category-competition\" role=\"listitem\">\n\t\t\t<div class=\"elementor-post__card\">\n\t\t\t\t<a class=\"elementor-post__thumbnail__link\" href=\"https:\/\/www.cf-moto.fr\/moto\/gp-des-etats-unis-2025-quiles-conserve-la-tete-du-championnat-moto3-alonso-signe-une-remontee-spectaculaire-en-moto2\/\" tabindex=\"-1\" ><div class=\"elementor-post__thumbnail\"><img decoding=\"async\" width=\"1268\" height=\"846\" src=\"https:\/\/www.cf-moto.fr\/moto\/wp-content\/uploads\/sites\/2\/2026\/04\/CFMOTO-Aspar-GP-US-2026-Visuel_7.webp\" class=\"attachment-full size-full wp-image-15446\" alt=\"\" srcset=\"https:\/\/www.cf-moto.fr\/moto\/wp-content\/uploads\/sites\/2\/2026\/04\/CFMOTO-Aspar-GP-US-2026-Visuel_7.webp 1268w, https:\/\/www.cf-moto.fr\/moto\/wp-content\/uploads\/sites\/2\/2026\/04\/CFMOTO-Aspar-GP-US-2026-Visuel_7-300x200.webp 300w, https:\/\/www.cf-moto.fr\/moto\/wp-content\/uploads\/sites\/2\/2026\/04\/CFMOTO-Aspar-GP-US-2026-Visuel_7-1024x683.webp 1024w, https:\/\/www.cf-moto.fr\/moto\/wp-content\/uploads\/sites\/2\/2026\/04\/CFMOTO-Aspar-GP-US-2026-Visuel_7-768x512.webp 768w, https:\/\/www.cf-moto.fr\/moto\/wp-content\/uploads\/sites\/2\/2026\/04\/CFMOTO-Aspar-GP-US-2026-Visuel_7-600x400.webp 600w\" sizes=\"(max-width: 1268px) 100vw, 1268px\" \/><\/div><\/a>\n\t\t\t\t<div class=\"elementor-post__badge\">Comp\u00e9tition<\/div>\n\t\t\t\t<div class=\"elementor-post__avatar\">\n\t\t\t\t\t<\/div>\n\t\t\t\t<div class=\"elementor-post__text\">\n\t\t\t\t<h3 class=\"elementor-post__title\">\n\t\t\t<a href=\"https:\/\/www.cf-moto.fr\/moto\/gp-des-etats-unis-2025-quiles-conserve-la-tete-du-championnat-moto3-alonso-signe-une-remontee-spectaculaire-en-moto2\/\" >\n\t\t\t\tGP des \u00c9tats-Unis 2025 : Quiles conserve la t\u00eate du championnat Moto3, Alonso signe une remont\u00e9e spectaculaire en Moto2\t\t\t<\/a>\n\t\t<\/h3>\n\t\t\t\t<div class=\"elementor-post__excerpt\">\n\t\t\t<p>M\u00e1ximo Quiles termine 2e en Moto3 \u00e0 Austin et conserve la t\u00eate du championnat. David Alonso signe une remont\u00e9e remarquable en Moto2 jusqu&rsquo;\u00e0 la 4e place. R\u00e9sultats du CFMOTO Aspar Team.<\/p>\n\t\t<\/div>\n\t\t\t\t<\/div>\n\t\t\t\t<div class=\"elementor-post__meta-data\">\n\t\t\t\t\t<span class=\"elementor-post-date\">\n\t\t\t13\/04\/2026\t\t<\/span>\n\t\t\t\t<\/div>\n\t\t\t\t\t<\/div>\n\t\t<\/article>\n\t\t\t\t<\/div>\n\t\t\n\t\t\t\t\t\t<\/div>\n\t\t\t\t<\/div>\n\t\t\t\t\t<\/div>\n\t\t\t\t<\/div>\n\t\t\t\t<\/div>\n\t\t\t\t<\/div>\n\t\t","protected":false},"excerpt":{"rendered":"<p>Les 24 et 25 avril, le r\u00e9seau CFMOTO organise ses journ\u00e9es portes ouvertes. Venez essayer la nouvelle 1000MT-X et profitez d&rsquo;offres exclusives dans les concessions participantes.<\/p>\n","protected":false},"author":1,"featured_media":15468,"comment_status":"closed","ping_status":"open","sticky":false,"template":"","format":"standard","meta":{"_acf_changed":false,"footnotes":""},"categories":[17],"tags":[],"class_list":["post-15467","post","type-post","status-publish","format-standard","has-post-thumbnail","hentry","category-actualites"],"acf":[],"_links":{"self":[{"href":"https:\/\/www.cf-moto.fr\/moto\/wp-json\/wp\/v2\/posts\/15467","targetHints":{"allow":["GET"]}}],"collection":[{"href":"https:\/\/www.cf-moto.fr\/moto\/wp-json\/wp\/v2\/posts"}],"about":[{"href":"https:\/\/www.cf-moto.fr\/moto\/wp-json\/wp\/v2\/types\/post"}],"author":[{"embeddable":true,"href":"https:\/\/www.cf-moto.fr\/moto\/wp-json\/wp\/v2\/users\/1"}],"replies":[{"embeddable":true,"href":"https:\/\/www.cf-moto.fr\/moto\/wp-json\/wp\/v2\/comments?post=15467"}],"version-history":[{"count":0,"href":"https:\/\/www.cf-moto.fr\/moto\/wp-json\/wp\/v2\/posts\/15467\/revisions"}],"wp:featuredmedia":[{"embeddable":true,"href":"https:\/\/www.cf-moto.fr\/moto\/wp-json\/wp\/v2\/media\/15468"}],"wp:attachment":[{"href":"https:\/\/www.cf-moto.fr\/moto\/wp-json\/wp\/v2\/media?parent=15467"}],"wp:term":[{"taxonomy":"category","embeddable":true,"href":"https:\/\/www.cf-moto.fr\/moto\/wp-json\/wp\/v2\/categories?post=15467"},{"taxonomy":"post_tag","embeddable":true,"href":"https:\/\/www.cf-moto.fr\/moto\/wp-json\/wp\/v2\/tags?post=15467"}],"curies":[{"name":"wp","href":"https:\/\/api.w.org\/{rel}","templated":true}]}}