{"id":15414,"date":"2026-04-13T14:00:21","date_gmt":"2026-04-13T12:00:21","guid":{"rendered":"https:\/\/www.cf-moto.fr\/moto\/?p=15414"},"modified":"2026-04-13T14:00:21","modified_gmt":"2026-04-13T12:00:21","slug":"cfmoto-day-2026-la-v4-sr-rr-fait-ses-debuts-sur-le-circuit-de-chengdu","status":"publish","type":"post","link":"https:\/\/www.cf-moto.fr\/moto\/cfmoto-day-2026-la-v4-sr-rr-fait-ses-debuts-sur-le-circuit-de-chengdu\/","title":{"rendered":"CFMOTO DAY 2026 : la V4 SR-RR fait ses d\u00e9buts sur le circuit de Chengdu"},"content":{"rendered":"\t\t<div data-elementor-type=\"wp-post\" data-elementor-id=\"15414\" class=\"elementor elementor-15414\" data-elementor-post-type=\"post\">\n\t\t\t\t<div class=\"elementor-element elementor-element-76b9a1a e-con-full e-flex e-con e-parent\" data-id=\"76b9a1a\" data-element_type=\"container\" data-settings=\"{&quot;background_background&quot;:&quot;classic&quot;}\">\n\t\t<div class=\"elementor-element elementor-element-2782cc5 e-flex e-con-boxed e-con e-child\" data-id=\"2782cc5\" data-element_type=\"container\">\n\t\t\t\t\t<div class=\"e-con-inner\">\n\t\t\t\t<div class=\"elementor-element elementor-element-9244044 elementor-widget elementor-widget-heading\" data-id=\"9244044\" data-element_type=\"widget\" data-widget_type=\"heading.default\">\n\t\t\t\t<div class=\"elementor-widget-container\">\n\t\t\t\t\t<h1 class=\"elementor-heading-title elementor-size-default\">CFMOTO DAY 2026 : la V4 SR-RR fait ses d\u00e9buts sur le circuit de Chengdu<\/h1>\t\t\t\t<\/div>\n\t\t\t\t<\/div>\n\t\t\t\t<div class=\"elementor-element elementor-element-0aefd34 elementor-widget__width-initial elementor-widget elementor-widget-text-editor\" data-id=\"0aefd34\" data-element_type=\"widget\" data-widget_type=\"text-editor.default\">\n\t\t\t\t<div class=\"elementor-widget-container\">\n\t\t\t\t\t\t\t\t\tLe CFMOTO DAY 2026 s&rsquo;est tenu \u00e0 Chengdu avec le lancement officiel de la 500SR et les d\u00e9buts dynamiques de la V4 SR-RR, premi\u00e8re sportive chinoise \u00e0 moteur V4 de 1 000 cc.\t\t\t\t\t\t\t\t<\/div>\n\t\t\t\t<\/div>\n\t\t\t\t\t<\/div>\n\t\t\t\t<\/div>\n\t\t\t\t<\/div>\n\t\t<div class=\"elementor-element elementor-element-c181b03 e-flex e-con-boxed e-con e-parent\" data-id=\"c181b03\" data-element_type=\"container\">\n\t\t\t\t\t<div class=\"e-con-inner\">\n\t\t\t\t<div class=\"elementor-element elementor-element-1f096b0 elementor-widget-tablet__width-inherit link-text elementor-widget elementor-widget-text-editor\" data-id=\"1f096b0\" data-element_type=\"widget\" data-widget_type=\"text-editor.default\">\n\t\t\t\t<div class=\"elementor-widget-container\">\n\t\t\t\t\t\t\t\t\tLe CFMOTO DAY 2026 a pos\u00e9 ses valises pour la premi\u00e8re fois dans le sud-ouest de la Chine, sur le circuit international Chengdu Tianfu. Clients, passionn\u00e9s, professionnels du secteur et journalistes se sont retrouv\u00e9s en nombre pour c\u00e9l\u00e9brer la marque, ses machines et sa trajectoire. Entre pr\u00e9sentations de mod\u00e8les, roulages sur piste et hommages au programme comp\u00e9tition, cette \u00e9dition a confirm\u00e9 que le CFMOTO DAY est devenu bien plus qu&rsquo;un simple \u00e9v\u00e9nement promotionnel.\t\t\t\t\t\t\t\t<\/div>\n\t\t\t\t<\/div>\n\t\t\t\t\t<\/div>\n\t\t\t\t<\/div>\n\t\t<div class=\"elementor-element elementor-element-b1d0fba e-flex e-con-boxed e-con e-parent\" data-id=\"b1d0fba\" data-element_type=\"container\" data-settings=\"{&quot;background_background&quot;:&quot;classic&quot;}\">\n\t\t\t\t\t<div class=\"e-con-inner\">\n\t\t<div class=\"elementor-element elementor-element-ef42f44 e-con-full e-flex e-con e-child\" data-id=\"ef42f44\" data-element_type=\"container\">\n\t\t\t\t<div class=\"elementor-element elementor-element-b24972d elementor-skin-carousel elementor-pagination-type-bullets elementor-pagination-position-outside elementor-widget elementor-widget-media-carousel\" data-id=\"b24972d\" data-element_type=\"widget\" data-settings=\"{&quot;space_between&quot;:{&quot;unit&quot;:&quot;px&quot;,&quot;size&quot;:20,&quot;sizes&quot;:[]},&quot;skin&quot;:&quot;carousel&quot;,&quot;effect&quot;:&quot;slide&quot;,&quot;pagination&quot;:&quot;bullets&quot;,&quot;speed&quot;:500,&quot;autoplay&quot;:&quot;yes&quot;,&quot;autoplay_speed&quot;:5000,&quot;loop&quot;:&quot;yes&quot;,&quot;pause_on_hover&quot;:&quot;yes&quot;,&quot;pause_on_interaction&quot;:&quot;yes&quot;,&quot;space_between_laptop&quot;:{&quot;unit&quot;:&quot;px&quot;,&quot;size&quot;:10,&quot;sizes&quot;:[]},&quot;space_between_tablet&quot;:{&quot;unit&quot;:&quot;px&quot;,&quot;size&quot;:10,&quot;sizes&quot;:[]},&quot;space_between_mobile&quot;:{&quot;unit&quot;:&quot;px&quot;,&quot;size&quot;:10,&quot;sizes&quot;:[]}}\" data-widget_type=\"media-carousel.default\">\n\t\t\t\t<div class=\"elementor-widget-container\">\n\t\t\t\t\t\t\t\t\t<div class=\"elementor-swiper\">\n\t\t\t\t\t<div class=\"elementor-main-swiper swiper\" role=\"region\" aria-roledescription=\"carousel\" aria-label=\"Diapositives\">\n\t\t\t\t<div class=\"swiper-wrapper\">\n\t\t\t\t\t\t\t\t\t\t\t<div class=\"swiper-slide\" role=\"group\" aria-roledescription=\"slide\">\n\t\t\t\t\t\t\t\t\t<div class=\"elementor-carousel-image\" role=\"img\" aria-label=\"CFMOTO Day 2026 Visuel_4\" style=\"background-image: url(&#039;https:\/\/www.cf-moto.fr\/moto\/wp-content\/uploads\/sites\/2\/2026\/04\/CFMOTO-Day-2026-Visuel_4.webp&#039;)\">\n\n\t\t\t\n\t\t\t\t\t<\/div>\n\t\t\t\t\t\t\t\t<\/div>\n\t\t\t\t\t\t\t\t\t\t\t<div class=\"swiper-slide\" role=\"group\" aria-roledescription=\"slide\">\n\t\t\t\t\t\t\t\t\t<div class=\"elementor-carousel-image\" role=\"img\" aria-label=\"CFMOTO Day 2026 Visuel_5\" style=\"background-image: url(&#039;https:\/\/www.cf-moto.fr\/moto\/wp-content\/uploads\/sites\/2\/2026\/04\/CFMOTO-Day-2026-Visuel_5.webp&#039;)\">\n\n\t\t\t\n\t\t\t\t\t<\/div>\n\t\t\t\t\t\t\t\t<\/div>\n\t\t\t\t\t\t\t\t\t\t\t<div class=\"swiper-slide\" role=\"group\" aria-roledescription=\"slide\">\n\t\t\t\t\t\t\t\t\t<div class=\"elementor-carousel-image\" role=\"img\" aria-label=\"CFMOTO Day 2026 Visuel_1\" style=\"background-image: url(&#039;https:\/\/www.cf-moto.fr\/moto\/wp-content\/uploads\/sites\/2\/2026\/04\/CFMOTO-Day-2026-Visuel_1.webp&#039;)\">\n\n\t\t\t\n\t\t\t\t\t<\/div>\n\t\t\t\t\t\t\t\t<\/div>\n\t\t\t\t\t\t\t\t\t<\/div>\n\t\t\t\t\t\t\t\t\t\t\t\t\t\t\t\t\t\t\t\t<div class=\"swiper-pagination\"><\/div>\n\t\t\t\t\t\t\t\t\t\t\t\t<\/div>\n\t\t\t\t<\/div>\n\t\t\t\t\t\t\t\t<\/div>\n\t\t\t\t<\/div>\n\t\t\t\t<\/div>\n\t\t\t\t\t<\/div>\n\t\t\t\t<\/div>\n\t\t<div class=\"elementor-element elementor-element-319808f e-flex e-con-boxed e-con e-parent\" data-id=\"319808f\" data-element_type=\"container\">\n\t\t\t\t\t<div class=\"e-con-inner\">\n\t\t\t\t<div class=\"elementor-element elementor-element-7d4e49e elementor-widget elementor-widget-heading\" data-id=\"7d4e49e\" data-element_type=\"widget\" data-widget_type=\"heading.default\">\n\t\t\t\t<div class=\"elementor-widget-container\">\n\t\t\t\t\t<h2 class=\"elementor-heading-title elementor-size-default\">Lancement de la 500SR et d\u00e9buts de la V4 SR-RR<\/h2>\t\t\t\t<\/div>\n\t\t\t\t<\/div>\n\t\t\t\t<div class=\"elementor-element elementor-element-b179b74 elementor-widget-tablet__width-inherit link-text elementor-widget elementor-widget-text-editor\" data-id=\"b179b74\" data-element_type=\"widget\" data-widget_type=\"text-editor.default\">\n\t\t\t\t<div class=\"elementor-widget-container\">\n\t\t\t\t\t\t\t\t\t<p>Le moment le plus attendu de la journ\u00e9e revenait \u00e0 Chen Zhiyong, Vice-Pr\u00e9sident de CFMOTO, qui a d\u00e9voil\u00e9 officiellement la nouvelle 500SR. Mais c&rsquo;est la pr\u00e9sentation suivante qui a v\u00e9ritablement \u00e9lectris\u00e9 l&rsquo;audience : celle de la CFMOTO V4 SR-RR, premi\u00e8re sportive \u00e0 moteur V4 d&rsquo;un litre d\u00e9velopp\u00e9e par un constructeur chinois.<\/p><p>Quelques mois apr\u00e8s son introduction remarqu\u00e9e \u00e0 l&rsquo;EICMA 2025 de Milan, la V4 SR-RR a fait ses d\u00e9buts dynamiques sur le march\u00e9 domestique \u00e0 l&rsquo;occasion du CFMOTO DAY. Anim\u00e9e par un moteur V4 de 997 cc et affichant un poids en ordre de marche inf\u00e9rieur \u00e0 200 kg, la machine promet un rapport puissance\/poids qui devrait s\u00e9rieusement bousculer le segment des sportives de grosse cylindr\u00e9e.<\/p><p>CFMOTO assume l&rsquo;ambition : cette moto n&rsquo;est pas l\u00e0 pour faire de la figuration.<br \/>L&rsquo;\u00e9tendue du catalogue actuel \u00e9tait \u00e9galement mise en lumi\u00e8re avec la pr\u00e9sentation du nouveau 150SC-F, un scooter que les visiteurs ont pu essayer directement sur place.<\/p>\t\t\t\t\t\t\t\t<\/div>\n\t\t\t\t<\/div>\n\t\t\t\t<div class=\"elementor-element elementor-element-cf977f4 elementor-widget elementor-widget-heading\" data-id=\"cf977f4\" data-element_type=\"widget\" data-widget_type=\"heading.default\">\n\t\t\t\t<div class=\"elementor-widget-container\">\n\t\t\t\t\t<h2 class=\"elementor-heading-title elementor-size-default\">Plus de 700 pilotes sur le circuit de Chengdu<\/h2>\t\t\t\t<\/div>\n\t\t\t\t<\/div>\n\t\t\t\t<div class=\"elementor-element elementor-element-fb28144 elementor-widget-tablet__width-inherit link-text elementor-widget elementor-widget-text-editor\" data-id=\"fb28144\" data-element_type=\"widget\" data-widget_type=\"text-editor.default\">\n\t\t\t\t<div class=\"elementor-widget-container\">\n\t\t\t\t\t\t\t\t\t<p>Le CFMOTO DAY place les pilotes au centre de l&rsquo;exp\u00e9rience, et cette \u00e9dition n&rsquo;a pas d\u00e9rog\u00e9 \u00e0 la r\u00e8gle. Une c\u00e9r\u00e9monie a rendu hommage aux membres les plus impliqu\u00e9s de la communaut\u00e9 CFMOTO, avec des prix remis sur sc\u00e8ne. Comme l&rsquo;a soulign\u00e9 Zheng Yinghao, Directeur G\u00e9n\u00e9ral Adjoint du marketing domestique CFMOTO, cet \u00e9v\u00e9nement est devenu un rendez-vous incontournable pour les fans de la marque.<\/p><p>Le d\u00e9fil\u00e9 sur piste a constitu\u00e9 l&rsquo;un des temps forts de la journ\u00e9e. Plus de 300 pilotes ont pris part au cort\u00e8ge sur le circuit de Chengdu Tianfu, escort\u00e9s par des h\u00e9licopt\u00e8res et accompagn\u00e9s de fumig\u00e8nes. Au total, ce sont plus de 700 pilotes qui ont particip\u00e9 aux sessions de roulage tout au long de la journ\u00e9e.<\/p>\t\t\t\t\t\t\t\t<\/div>\n\t\t\t\t<\/div>\n\t\t\t\t<div class=\"elementor-element elementor-element-436f6de elementor-skin-carousel elementor-widget elementor-widget-media-carousel\" data-id=\"436f6de\" data-element_type=\"widget\" data-settings=\"{&quot;slides_per_view&quot;:&quot;2&quot;,&quot;skin&quot;:&quot;carousel&quot;,&quot;effect&quot;:&quot;slide&quot;,&quot;speed&quot;:500,&quot;loop&quot;:&quot;yes&quot;,&quot;space_between&quot;:{&quot;unit&quot;:&quot;px&quot;,&quot;size&quot;:10,&quot;sizes&quot;:[]},&quot;space_between_laptop&quot;:{&quot;unit&quot;:&quot;px&quot;,&quot;size&quot;:10,&quot;sizes&quot;:[]},&quot;space_between_tablet&quot;:{&quot;unit&quot;:&quot;px&quot;,&quot;size&quot;:10,&quot;sizes&quot;:[]},&quot;space_between_mobile&quot;:{&quot;unit&quot;:&quot;px&quot;,&quot;size&quot;:10,&quot;sizes&quot;:[]}}\" data-widget_type=\"media-carousel.default\">\n\t\t\t\t<div class=\"elementor-widget-container\">\n\t\t\t\t\t\t\t\t\t<div class=\"elementor-swiper\">\n\t\t\t\t\t<div class=\"elementor-main-swiper swiper\" role=\"region\" aria-roledescription=\"carousel\" aria-label=\"Diapositives\">\n\t\t\t\t<div class=\"swiper-wrapper\">\n\t\t\t\t\t\t\t\t\t\t\t<div class=\"swiper-slide\" role=\"group\" aria-roledescription=\"slide\">\n\t\t\t\t\t\t\t\t\t<div class=\"elementor-carousel-image\" role=\"img\" aria-label=\"CFMOTO Day 2026 Visuel_2\" style=\"background-image: url(&#039;https:\/\/www.cf-moto.fr\/moto\/wp-content\/uploads\/sites\/2\/2026\/04\/CFMOTO-Day-2026-Visuel_2.webp&#039;)\">\n\n\t\t\t\n\t\t\t\t\t<\/div>\n\t\t\t\t\t\t\t\t<\/div>\n\t\t\t\t\t\t\t\t\t\t\t<div class=\"swiper-slide\" role=\"group\" aria-roledescription=\"slide\">\n\t\t\t\t\t\t\t\t\t<div class=\"elementor-carousel-image\" role=\"img\" aria-label=\"CFMOTO Day 2026 Visuel_4\" style=\"background-image: url(&#039;https:\/\/www.cf-moto.fr\/moto\/wp-content\/uploads\/sites\/2\/2026\/04\/CFMOTO-Day-2026-Visuel_4.webp&#039;)\">\n\n\t\t\t\n\t\t\t\t\t<\/div>\n\t\t\t\t\t\t\t\t<\/div>\n\t\t\t\t\t\t\t\t\t<\/div>\n\t\t\t\t\t\t\t\t\t\t\t\t\t\t\t\t\t\t\t\t\t<\/div>\n\t\t\t\t<\/div>\n\t\t\t\t\t\t\t\t<\/div>\n\t\t\t\t<\/div>\n\t\t\t\t\t<\/div>\n\t\t\t\t<\/div>\n\t\t<div class=\"elementor-element elementor-element-325ae78 e-flex e-con-boxed e-con e-parent\" data-id=\"325ae78\" data-element_type=\"container\">\n\t\t\t\t\t<div class=\"e-con-inner\">\n\t\t\t\t<div class=\"elementor-element elementor-element-53d1d1a elementor-widget elementor-widget-heading\" data-id=\"53d1d1a\" data-element_type=\"widget\" data-widget_type=\"heading.default\">\n\t\t\t\t<div class=\"elementor-widget-container\">\n\t\t\t\t\t<h2 class=\"elementor-heading-title elementor-size-default\">La comp\u00e9tition au c\u0153ur de l'ADN CFMOTO<\/h2>\t\t\t\t<\/div>\n\t\t\t\t<\/div>\n\t\t\t\t<div class=\"elementor-element elementor-element-abcba58 elementor-widget-tablet__width-inherit link-text elementor-widget elementor-widget-text-editor\" data-id=\"abcba58\" data-element_type=\"widget\" data-widget_type=\"text-editor.default\">\n\t\t\t\t<div class=\"elementor-widget-container\">\n\t\t\t\t\t\t\t\t\t<p>CFMOTO a consacr\u00e9 un espace baptis\u00e9 \u00ab\u00a0NEXT ERA\u00a0\u00bb \u00e0 son programme motorsport. Troph\u00e9es, machines de course et objets de collection y \u00e9taient r\u00e9unis, avec notamment le troph\u00e9e du Championnat du Monde Constructeurs Moto3 2024, le premier titre mondial remport\u00e9 par un constructeur chinois. La moto championne du monde Moto3 2024, la machine Moto2 2025, le quad engag\u00e9 sur le Dakar et la CF650i qui a fait ses d\u00e9buts au Tourist Trophy de l&rsquo;\u00cele de Man \u00e9taient \u00e9galement expos\u00e9s.<\/p><p>Plusieurs pilotes reconnus, dont Sun Shengbo, Du Xuanyi et Antanas, ont pris le temps d&rsquo;\u00e9changer avec les fans tout au long de la journ\u00e9e.<br \/>L&rsquo;\u00e9v\u00e9nement a aussi permis de mettre en avant le \u00ab\u00a0CFMOTO Racing Talent Project\u00a0\u00bb, un programme d&rsquo;investissement dans les jeunes talents chinois qui vise \u00e0 tracer un parcours de progression \u00e0 travers les \u00e9chelons de la comp\u00e9tition. Un concours invitait des jeunes de 9 \u00e0 12 ans \u00e0 d\u00e9montrer leurs aptitudes, le vainqueur d\u00e9crochant une place dans le programme de formation racing. Sun Shengbo, champion MotoMini 2025 et issu de ce m\u00eame projet, \u00e9tait pr\u00e9sent aux c\u00f4t\u00e9s du dernier prototype MINI25.<\/p><p>Et parce que le CFMOTO DAY ne se r\u00e9sume pas \u00e0 regarder, des espaces de roulage et des d\u00e9fis accessibles \u00e0 tous \u00e9taient propos\u00e9s : le \u00ab\u00a0SR CUP\u00a0\u00bb, le \u00ab\u00a0CFMOTO MT CHALLENGE mini\u00a0\u00bb et le \u00ab\u00a0CL-C Slow Riding Challenge\u00a0\u00bb ont permis aux visiteurs de passer de spectateurs \u00e0 acteurs.<\/p>\t\t\t\t\t\t\t\t<\/div>\n\t\t\t\t<\/div>\n\t\t\t\t<div class=\"elementor-element elementor-element-7ba74c1 elementor-widget elementor-widget-heading\" data-id=\"7ba74c1\" data-element_type=\"widget\" data-widget_type=\"heading.default\">\n\t\t\t\t<div class=\"elementor-widget-container\">\n\t\t\t\t\t<h2 class=\"elementor-heading-title elementor-size-default\">Un constructeur en pleine acc\u00e9l\u00e9ration\n<\/h2>\t\t\t\t<\/div>\n\t\t\t\t<\/div>\n\t\t\t\t<div class=\"elementor-element elementor-element-e151211 elementor-widget-tablet__width-inherit link-text elementor-widget elementor-widget-text-editor\" data-id=\"e151211\" data-element_type=\"widget\" data-widget_type=\"text-editor.default\">\n\t\t\t\t<div class=\"elementor-widget-container\">\n\t\t\t\t\t\t\t\t\t<p>Au-del\u00e0 de la f\u00eate, le CFMOTO DAY refl\u00e8te la dynamique d&rsquo;un constructeur en pleine expansion. Sur les trois premiers trimestres de 2025, CFMOTO a enregistr\u00e9 un chiffre d&rsquo;affaires de 2,1 milliards de dollars, en hausse de 30,10 % sur un an. La marque s&rsquo;appuie aujourd&rsquo;hui sur un r\u00e9seau de plus de 7 000 concessionnaires r\u00e9partis dans plus de 100 pays, compl\u00e9t\u00e9 par des sites de production au Mexique et en Tha\u00eflande et une pr\u00e9sence R&amp;D internationale en d\u00e9veloppement.<\/p><p>Le CFMOTO DAY revendique ses racines chinoises, mais l&rsquo;\u00e9v\u00e9nement s&rsquo;inscrit d\u00e9sormais dans un \u00e9cosyst\u00e8me global d&rsquo;initiatives qui comprend le CFMOTO MT CHALLENGE et le CFMOTO CLASSICS. Ce rendez-vous annuel reste l&rsquo;un des symboles les plus parlants de la philosophie du constructeur : garder les utilisateurs et les passionn\u00e9s au c\u0153ur de l&rsquo;exp\u00e9rience CFMOTO.<\/p>\t\t\t\t\t\t\t\t<\/div>\n\t\t\t\t<\/div>\n\t\t\t\t<div class=\"elementor-element elementor-element-d08100a elementor-skin-carousel elementor-widget elementor-widget-media-carousel\" data-id=\"d08100a\" data-element_type=\"widget\" data-settings=\"{&quot;slides_per_view&quot;:&quot;2&quot;,&quot;skin&quot;:&quot;carousel&quot;,&quot;effect&quot;:&quot;slide&quot;,&quot;speed&quot;:500,&quot;loop&quot;:&quot;yes&quot;,&quot;space_between&quot;:{&quot;unit&quot;:&quot;px&quot;,&quot;size&quot;:10,&quot;sizes&quot;:[]},&quot;space_between_laptop&quot;:{&quot;unit&quot;:&quot;px&quot;,&quot;size&quot;:10,&quot;sizes&quot;:[]},&quot;space_between_tablet&quot;:{&quot;unit&quot;:&quot;px&quot;,&quot;size&quot;:10,&quot;sizes&quot;:[]},&quot;space_between_mobile&quot;:{&quot;unit&quot;:&quot;px&quot;,&quot;size&quot;:10,&quot;sizes&quot;:[]}}\" data-widget_type=\"media-carousel.default\">\n\t\t\t\t<div class=\"elementor-widget-container\">\n\t\t\t\t\t\t\t\t\t<div class=\"elementor-swiper\">\n\t\t\t\t\t<div class=\"elementor-main-swiper swiper\" role=\"region\" aria-roledescription=\"carousel\" aria-label=\"Diapositives\">\n\t\t\t\t<div class=\"swiper-wrapper\">\n\t\t\t\t\t\t\t\t\t\t\t<div class=\"swiper-slide\" role=\"group\" aria-roledescription=\"slide\">\n\t\t\t\t\t\t\t\t\t<div class=\"elementor-carousel-image\" role=\"img\" aria-label=\"CFMOTO Day 2026 Visuel_6\" style=\"background-image: url(&#039;https:\/\/www.cf-moto.fr\/moto\/wp-content\/uploads\/sites\/2\/2026\/04\/CFMOTO-Day-2026-Visuel_6.webp&#039;)\">\n\n\t\t\t\n\t\t\t\t\t<\/div>\n\t\t\t\t\t\t\t\t<\/div>\n\t\t\t\t\t\t\t\t\t\t\t<div class=\"swiper-slide\" role=\"group\" aria-roledescription=\"slide\">\n\t\t\t\t\t\t\t\t\t<div class=\"elementor-carousel-image\" role=\"img\" aria-label=\"CFMOTO Day 2026 Visuel_3\" style=\"background-image: url(&#039;https:\/\/www.cf-moto.fr\/moto\/wp-content\/uploads\/sites\/2\/2026\/04\/CFMOTO-Day-2026-Visuel_3.webp&#039;)\">\n\n\t\t\t\n\t\t\t\t\t<\/div>\n\t\t\t\t\t\t\t\t<\/div>\n\t\t\t\t\t\t\t\t\t<\/div>\n\t\t\t\t\t\t\t\t\t\t\t\t\t\t\t\t\t\t\t\t\t<\/div>\n\t\t\t\t<\/div>\n\t\t\t\t\t\t\t\t<\/div>\n\t\t\t\t<\/div>\n\t\t\t\t\t<\/div>\n\t\t\t\t<\/div>\n\t\t<div class=\"elementor-element elementor-element-8943fd9 e-con-full e-flex e-con e-parent\" data-id=\"8943fd9\" data-element_type=\"container\">\n\t\t<div class=\"elementor-element elementor-element-49abb35 e-flex e-con-boxed e-con e-child\" data-id=\"49abb35\" data-element_type=\"container\">\n\t\t\t\t\t<div class=\"e-con-inner\">\n\t\t\t\t<div class=\"elementor-element elementor-element-82b3238 elementor-widget-divider--view-line elementor-widget elementor-widget-divider\" data-id=\"82b3238\" data-element_type=\"widget\" data-widget_type=\"divider.default\">\n\t\t\t\t<div class=\"elementor-widget-container\">\n\t\t\t\t\t\t\t<div class=\"elementor-divider\">\n\t\t\t<span class=\"elementor-divider-separator\">\n\t\t\t\t\t\t<\/span>\n\t\t<\/div>\n\t\t\t\t\t\t<\/div>\n\t\t\t\t<\/div>\n\t\t\t\t<div class=\"elementor-element elementor-element-eb7196a elementor-widget elementor-widget-heading\" data-id=\"eb7196a\" data-element_type=\"widget\" data-widget_type=\"heading.default\">\n\t\t\t\t<div class=\"elementor-widget-container\">\n\t\t\t\t\t<div class=\"elementor-heading-title elementor-size-default\">Autres articles<\/div>\t\t\t\t<\/div>\n\t\t\t\t<\/div>\n\t\t\t\t<div class=\"elementor-element elementor-element-c3ae53b elementor-grid-3 elementor-grid-tablet-2 elementor-grid-mobile-1 elementor-posts--thumbnail-top elementor-posts--show-avatar elementor-card-shadow-yes elementor-posts__hover-gradient elementor-widget elementor-widget-posts\" data-id=\"c3ae53b\" data-element_type=\"widget\" data-settings=\"{&quot;cards_columns&quot;:&quot;3&quot;,&quot;cards_columns_tablet&quot;:&quot;2&quot;,&quot;cards_columns_mobile&quot;:&quot;1&quot;,&quot;cards_row_gap&quot;:{&quot;unit&quot;:&quot;px&quot;,&quot;size&quot;:35,&quot;sizes&quot;:[]},&quot;cards_row_gap_laptop&quot;:{&quot;unit&quot;:&quot;px&quot;,&quot;size&quot;:&quot;&quot;,&quot;sizes&quot;:[]},&quot;cards_row_gap_tablet&quot;:{&quot;unit&quot;:&quot;px&quot;,&quot;size&quot;:&quot;&quot;,&quot;sizes&quot;:[]},&quot;cards_row_gap_mobile&quot;:{&quot;unit&quot;:&quot;px&quot;,&quot;size&quot;:&quot;&quot;,&quot;sizes&quot;:[]}}\" data-widget_type=\"posts.cards\">\n\t\t\t\t<div class=\"elementor-widget-container\">\n\t\t\t\t\t\t\t<div class=\"elementor-posts-container elementor-posts elementor-posts--skin-cards elementor-grid\" role=\"list\">\n\t\t\t\t<article class=\"elementor-post elementor-grid-item post-15571 post type-post status-publish format-standard has-post-thumbnail hentry category-actualites\" role=\"listitem\">\n\t\t\t<div class=\"elementor-post__card\">\n\t\t\t\t<a class=\"elementor-post__thumbnail__link\" href=\"https:\/\/www.cf-moto.fr\/moto\/cfmoto-au-grand-prix-de-france-moto-2026-retrouvez-nous-au-village-du-7-au-10-mai\/\" tabindex=\"-1\" ><div class=\"elementor-post__thumbnail\"><img fetchpriority=\"high\" decoding=\"async\" width=\"2000\" height=\"1125\" src=\"https:\/\/www.cf-moto.fr\/moto\/wp-content\/uploads\/sites\/2\/2025\/05\/GP-France-2025-CMOTO-France-visuel_2.jpg\" class=\"attachment-full size-full wp-image-14178\" alt=\"\" srcset=\"https:\/\/www.cf-moto.fr\/moto\/wp-content\/uploads\/sites\/2\/2025\/05\/GP-France-2025-CMOTO-France-visuel_2.jpg 2000w, https:\/\/www.cf-moto.fr\/moto\/wp-content\/uploads\/sites\/2\/2025\/05\/GP-France-2025-CMOTO-France-visuel_2-300x169.jpg 300w, https:\/\/www.cf-moto.fr\/moto\/wp-content\/uploads\/sites\/2\/2025\/05\/GP-France-2025-CMOTO-France-visuel_2-1024x576.jpg 1024w, https:\/\/www.cf-moto.fr\/moto\/wp-content\/uploads\/sites\/2\/2025\/05\/GP-France-2025-CMOTO-France-visuel_2-768x432.jpg 768w, https:\/\/www.cf-moto.fr\/moto\/wp-content\/uploads\/sites\/2\/2025\/05\/GP-France-2025-CMOTO-France-visuel_2-1536x864.jpg 1536w, https:\/\/www.cf-moto.fr\/moto\/wp-content\/uploads\/sites\/2\/2025\/05\/GP-France-2025-CMOTO-France-visuel_2-600x338.jpg 600w\" sizes=\"(max-width: 2000px) 100vw, 2000px\" \/><\/div><\/a>\n\t\t\t\t<div class=\"elementor-post__badge\">Actualit\u00e9s<\/div>\n\t\t\t\t<div class=\"elementor-post__avatar\">\n\t\t\t\t\t<\/div>\n\t\t\t\t<div class=\"elementor-post__text\">\n\t\t\t\t<h3 class=\"elementor-post__title\">\n\t\t\t<a href=\"https:\/\/www.cf-moto.fr\/moto\/cfmoto-au-grand-prix-de-france-moto-2026-retrouvez-nous-au-village-du-7-au-10-mai\/\" >\n\t\t\t\tCFMOTO au Grand Prix de France Moto 2026 : retrouvez-nous au village du 7 au 10 mai\t\t\t<\/a>\n\t\t<\/h3>\n\t\t\t\t<div class=\"elementor-post__excerpt\">\n\t\t\t<p>CFMOTO sera pr\u00e9sent au Grand Prix de France Moto du 7 au 10 mai au village moto. Exposition de la gamme, d\u00e9dicace pilote Aspar le vendredi \u00e0 17h et un sac Aspar \u00e0 gagner sur le stand.<\/p>\n\t\t<\/div>\n\t\t\t\t<\/div>\n\t\t\t\t<div class=\"elementor-post__meta-data\">\n\t\t\t\t\t<span class=\"elementor-post-date\">\n\t\t\t22\/04\/2026\t\t<\/span>\n\t\t\t\t<\/div>\n\t\t\t\t\t<\/div>\n\t\t<\/article>\n\t\t\t\t<article class=\"elementor-post elementor-grid-item post-15414 post type-post status-publish format-standard has-post-thumbnail hentry category-actualites\" role=\"listitem\">\n\t\t\t<div class=\"elementor-post__card\">\n\t\t\t\t<a class=\"elementor-post__thumbnail__link\" href=\"https:\/\/www.cf-moto.fr\/moto\/cfmoto-day-2026-la-v4-sr-rr-fait-ses-debuts-sur-le-circuit-de-chengdu\/\" tabindex=\"-1\" ><div class=\"elementor-post__thumbnail\"><img decoding=\"async\" width=\"1500\" height=\"999\" src=\"https:\/\/www.cf-moto.fr\/moto\/wp-content\/uploads\/sites\/2\/2026\/04\/CFMOTO-Day-2026-Visuel_3.webp\" class=\"attachment-full size-full wp-image-15418\" alt=\"\" srcset=\"https:\/\/www.cf-moto.fr\/moto\/wp-content\/uploads\/sites\/2\/2026\/04\/CFMOTO-Day-2026-Visuel_3.webp 1500w, https:\/\/www.cf-moto.fr\/moto\/wp-content\/uploads\/sites\/2\/2026\/04\/CFMOTO-Day-2026-Visuel_3-300x200.webp 300w, https:\/\/www.cf-moto.fr\/moto\/wp-content\/uploads\/sites\/2\/2026\/04\/CFMOTO-Day-2026-Visuel_3-1024x682.webp 1024w, https:\/\/www.cf-moto.fr\/moto\/wp-content\/uploads\/sites\/2\/2026\/04\/CFMOTO-Day-2026-Visuel_3-768x511.webp 768w, https:\/\/www.cf-moto.fr\/moto\/wp-content\/uploads\/sites\/2\/2026\/04\/CFMOTO-Day-2026-Visuel_3-600x400.webp 600w\" sizes=\"(max-width: 1500px) 100vw, 1500px\" \/><\/div><\/a>\n\t\t\t\t<div class=\"elementor-post__badge\">Actualit\u00e9s<\/div>\n\t\t\t\t<div class=\"elementor-post__avatar\">\n\t\t\t\t\t<\/div>\n\t\t\t\t<div class=\"elementor-post__text\">\n\t\t\t\t<h3 class=\"elementor-post__title\">\n\t\t\t<a href=\"https:\/\/www.cf-moto.fr\/moto\/cfmoto-day-2026-la-v4-sr-rr-fait-ses-debuts-sur-le-circuit-de-chengdu\/\" >\n\t\t\t\tCFMOTO DAY 2026 : la V4 SR-RR fait ses d\u00e9buts sur le circuit de Chengdu\t\t\t<\/a>\n\t\t<\/h3>\n\t\t\t\t<div class=\"elementor-post__excerpt\">\n\t\t\t<p>Le CFMOTO DAY 2026 s&rsquo;est tenu \u00e0 Chengdu avec le lancement officiel de la 500SR et les d\u00e9buts dynamiques de la V4 SR-RR, premi\u00e8re sportive chinoise \u00e0 moteur V4 de 1 000 cc.<\/p>\n\t\t<\/div>\n\t\t\t\t<\/div>\n\t\t\t\t<div class=\"elementor-post__meta-data\">\n\t\t\t\t\t<span class=\"elementor-post-date\">\n\t\t\t13\/04\/2026\t\t<\/span>\n\t\t\t\t<\/div>\n\t\t\t\t\t<\/div>\n\t\t<\/article>\n\t\t\t\t<article class=\"elementor-post elementor-grid-item post-15434 post type-post status-publish format-standard has-post-thumbnail hentry category-competition\" role=\"listitem\">\n\t\t\t<div class=\"elementor-post__card\">\n\t\t\t\t<a class=\"elementor-post__thumbnail__link\" href=\"https:\/\/www.cf-moto.fr\/moto\/gp-des-etats-unis-2025-quiles-conserve-la-tete-du-championnat-moto3-alonso-signe-une-remontee-spectaculaire-en-moto2\/\" tabindex=\"-1\" ><div class=\"elementor-post__thumbnail\"><img decoding=\"async\" width=\"1268\" height=\"846\" src=\"https:\/\/www.cf-moto.fr\/moto\/wp-content\/uploads\/sites\/2\/2026\/04\/CFMOTO-Aspar-GP-US-2026-Visuel_7.webp\" class=\"attachment-full size-full wp-image-15446\" alt=\"\" srcset=\"https:\/\/www.cf-moto.fr\/moto\/wp-content\/uploads\/sites\/2\/2026\/04\/CFMOTO-Aspar-GP-US-2026-Visuel_7.webp 1268w, https:\/\/www.cf-moto.fr\/moto\/wp-content\/uploads\/sites\/2\/2026\/04\/CFMOTO-Aspar-GP-US-2026-Visuel_7-300x200.webp 300w, https:\/\/www.cf-moto.fr\/moto\/wp-content\/uploads\/sites\/2\/2026\/04\/CFMOTO-Aspar-GP-US-2026-Visuel_7-1024x683.webp 1024w, https:\/\/www.cf-moto.fr\/moto\/wp-content\/uploads\/sites\/2\/2026\/04\/CFMOTO-Aspar-GP-US-2026-Visuel_7-768x512.webp 768w, https:\/\/www.cf-moto.fr\/moto\/wp-content\/uploads\/sites\/2\/2026\/04\/CFMOTO-Aspar-GP-US-2026-Visuel_7-600x400.webp 600w\" sizes=\"(max-width: 1268px) 100vw, 1268px\" \/><\/div><\/a>\n\t\t\t\t<div class=\"elementor-post__badge\">Comp\u00e9tition<\/div>\n\t\t\t\t<div class=\"elementor-post__avatar\">\n\t\t\t\t\t<\/div>\n\t\t\t\t<div class=\"elementor-post__text\">\n\t\t\t\t<h3 class=\"elementor-post__title\">\n\t\t\t<a href=\"https:\/\/www.cf-moto.fr\/moto\/gp-des-etats-unis-2025-quiles-conserve-la-tete-du-championnat-moto3-alonso-signe-une-remontee-spectaculaire-en-moto2\/\" >\n\t\t\t\tGP des \u00c9tats-Unis 2025 : Quiles conserve la t\u00eate du championnat Moto3, Alonso signe une remont\u00e9e spectaculaire en Moto2\t\t\t<\/a>\n\t\t<\/h3>\n\t\t\t\t<div class=\"elementor-post__excerpt\">\n\t\t\t<p>M\u00e1ximo Quiles termine 2e en Moto3 \u00e0 Austin et conserve la t\u00eate du championnat. David Alonso signe une remont\u00e9e remarquable en Moto2 jusqu&rsquo;\u00e0 la 4e place. R\u00e9sultats du CFMOTO Aspar Team.<\/p>\n\t\t<\/div>\n\t\t\t\t<\/div>\n\t\t\t\t<div class=\"elementor-post__meta-data\">\n\t\t\t\t\t<span class=\"elementor-post-date\">\n\t\t\t13\/04\/2026\t\t<\/span>\n\t\t\t\t<\/div>\n\t\t\t\t\t<\/div>\n\t\t<\/article>\n\t\t\t\t<\/div>\n\t\t\n\t\t\t\t\t\t<\/div>\n\t\t\t\t<\/div>\n\t\t\t\t\t<\/div>\n\t\t\t\t<\/div>\n\t\t\t\t<\/div>\n\t\t\t\t<\/div>\n\t\t","protected":false},"excerpt":{"rendered":"<p>Le CFMOTO DAY 2026 s&rsquo;est tenu \u00e0 Chengdu avec le lancement officiel de la 500SR et les d\u00e9buts dynamiques de la V4 SR-RR, premi\u00e8re sportive chinoise \u00e0 moteur V4 de 1 000 cc.<\/p>\n","protected":false},"author":1,"featured_media":15418,"comment_status":"closed","ping_status":"open","sticky":false,"template":"","format":"standard","meta":{"_acf_changed":false,"footnotes":""},"categories":[17],"tags":[],"class_list":["post-15414","post","type-post","status-publish","format-standard","has-post-thumbnail","hentry","category-actualites"],"acf":[],"_links":{"self":[{"href":"https:\/\/www.cf-moto.fr\/moto\/wp-json\/wp\/v2\/posts\/15414","targetHints":{"allow":["GET"]}}],"collection":[{"href":"https:\/\/www.cf-moto.fr\/moto\/wp-json\/wp\/v2\/posts"}],"about":[{"href":"https:\/\/www.cf-moto.fr\/moto\/wp-json\/wp\/v2\/types\/post"}],"author":[{"embeddable":true,"href":"https:\/\/www.cf-moto.fr\/moto\/wp-json\/wp\/v2\/users\/1"}],"replies":[{"embeddable":true,"href":"https:\/\/www.cf-moto.fr\/moto\/wp-json\/wp\/v2\/comments?post=15414"}],"version-history":[{"count":0,"href":"https:\/\/www.cf-moto.fr\/moto\/wp-json\/wp\/v2\/posts\/15414\/revisions"}],"wp:featuredmedia":[{"embeddable":true,"href":"https:\/\/www.cf-moto.fr\/moto\/wp-json\/wp\/v2\/media\/15418"}],"wp:attachment":[{"href":"https:\/\/www.cf-moto.fr\/moto\/wp-json\/wp\/v2\/media?parent=15414"}],"wp:term":[{"taxonomy":"category","embeddable":true,"href":"https:\/\/www.cf-moto.fr\/moto\/wp-json\/wp\/v2\/categories?post=15414"},{"taxonomy":"post_tag","embeddable":true,"href":"https:\/\/www.cf-moto.fr\/moto\/wp-json\/wp\/v2\/tags?post=15414"}],"curies":[{"name":"wp","href":"https:\/\/api.w.org\/{rel}","templated":true}]}}