{"id":15391,"date":"2026-03-24T19:27:02","date_gmt":"2026-03-24T18:27:02","guid":{"rendered":"https:\/\/www.cf-moto.fr\/moto\/?p=15391"},"modified":"2026-03-25T19:28:28","modified_gmt":"2026-03-25T18:28:28","slug":"gp-du-bresil-2025-le-cfmoto-aspar-team-triomphe-avec-un-double-historique-en-moto3-et-une-victoire-en-moto2","status":"publish","type":"post","link":"https:\/\/www.cf-moto.fr\/moto\/gp-du-bresil-2025-le-cfmoto-aspar-team-triomphe-avec-un-double-historique-en-moto3-et-une-victoire-en-moto2\/","title":{"rendered":"GP du Br\u00e9sil 2025 : le CFMOTO Aspar Team triomphe avec un doubl\u00e9 historique en Moto3 et une victoire en Moto2"},"content":{"rendered":"\t\t<div data-elementor-type=\"wp-post\" data-elementor-id=\"15391\" class=\"elementor elementor-15391\" data-elementor-post-type=\"post\">\n\t\t\t\t<div class=\"elementor-element elementor-element-389725a e-con-full e-flex e-con e-parent\" data-id=\"389725a\" data-element_type=\"container\" data-settings=\"{&quot;background_background&quot;:&quot;classic&quot;}\">\n\t\t<div class=\"elementor-element elementor-element-2c23ae8 e-flex e-con-boxed e-con e-child\" data-id=\"2c23ae8\" data-element_type=\"container\">\n\t\t\t\t\t<div class=\"e-con-inner\">\n\t\t\t\t<div class=\"elementor-element elementor-element-04a7361 elementor-widget elementor-widget-heading\" data-id=\"04a7361\" data-element_type=\"widget\" data-widget_type=\"heading.default\">\n\t\t\t\t<div class=\"elementor-widget-container\">\n\t\t\t\t\t<h1 class=\"elementor-heading-title elementor-size-default\">GP du Br\u00e9sil 2025 : le CFMOTO Aspar Team triomphe avec un doubl\u00e9 historique en Moto3 et une victoire en Moto2<\/h1>\t\t\t\t<\/div>\n\t\t\t\t<\/div>\n\t\t\t\t<div class=\"elementor-element elementor-element-fb3cd9c elementor-widget__width-initial elementor-widget elementor-widget-text-editor\" data-id=\"fb3cd9c\" data-element_type=\"widget\" data-widget_type=\"text-editor.default\">\n\t\t\t\t<div class=\"elementor-widget-container\">\n\t\t\t\t\t\t\t\t\tM\u00e1ximo Quiles et Marco Morelli signent un doubl\u00e9 historique en Moto3 \u00e0 Goi\u00e2nia. Dani Holgado remporte la course Moto2 et prend la t\u00eate du championnat. R\u00e9sultats du CFMOTO Aspar Team.\t\t\t\t\t\t\t\t<\/div>\n\t\t\t\t<\/div>\n\t\t\t\t\t<\/div>\n\t\t\t\t<\/div>\n\t\t\t\t<\/div>\n\t\t<div class=\"elementor-element elementor-element-88ceb6a e-flex e-con-boxed e-con e-parent\" data-id=\"88ceb6a\" data-element_type=\"container\">\n\t\t\t\t\t<div class=\"e-con-inner\">\n\t\t\t\t<div class=\"elementor-element elementor-element-597b28e elementor-widget-tablet__width-inherit link-text elementor-widget elementor-widget-text-editor\" data-id=\"597b28e\" data-element_type=\"widget\" data-widget_type=\"text-editor.default\">\n\t\t\t\t<div class=\"elementor-widget-container\">\n\t\t\t\t\t\t\t\t\tLe CFMOTO Aspar Team a conquis le Grand Prix du Br\u00e9sil. \u00c0 Goi\u00e2nia, M\u00e1ximo Quiles et Marco Morelli ont sign\u00e9 un doubl\u00e9 retentissant en Moto3, le premier pour l&rsquo;\u00e9quipe depuis le GP d&rsquo;Italie 2022. En Moto2, Dani Holgado a d\u00e9croch\u00e9 sa troisi\u00e8me victoire dans la cat\u00e9gorie et pris les commandes du championnat g\u00e9n\u00e9ral. Une journ\u00e9e de r\u00eave pour les couleurs CFMOTO, avec les deux classements \u00e9quipes \u00e9galement en t\u00eate.\n\t\t\t\t\t\t\t\t<\/div>\n\t\t\t\t<\/div>\n\t\t\t\t\t<\/div>\n\t\t\t\t<\/div>\n\t\t<div class=\"elementor-element elementor-element-836c5e6 e-flex e-con-boxed e-con e-parent\" data-id=\"836c5e6\" data-element_type=\"container\" data-settings=\"{&quot;background_background&quot;:&quot;classic&quot;}\">\n\t\t\t\t\t<div class=\"e-con-inner\">\n\t\t<div class=\"elementor-element elementor-element-fd3a2ae e-con-full e-flex e-con e-child\" data-id=\"fd3a2ae\" data-element_type=\"container\">\n\t\t\t\t<div class=\"elementor-element elementor-element-d761173 elementor-skin-carousel elementor-pagination-type-bullets elementor-pagination-position-outside elementor-widget elementor-widget-media-carousel\" data-id=\"d761173\" data-element_type=\"widget\" data-settings=\"{&quot;space_between&quot;:{&quot;unit&quot;:&quot;px&quot;,&quot;size&quot;:20,&quot;sizes&quot;:[]},&quot;skin&quot;:&quot;carousel&quot;,&quot;effect&quot;:&quot;slide&quot;,&quot;pagination&quot;:&quot;bullets&quot;,&quot;speed&quot;:500,&quot;autoplay&quot;:&quot;yes&quot;,&quot;autoplay_speed&quot;:5000,&quot;loop&quot;:&quot;yes&quot;,&quot;pause_on_hover&quot;:&quot;yes&quot;,&quot;pause_on_interaction&quot;:&quot;yes&quot;,&quot;space_between_laptop&quot;:{&quot;unit&quot;:&quot;px&quot;,&quot;size&quot;:10,&quot;sizes&quot;:[]},&quot;space_between_tablet&quot;:{&quot;unit&quot;:&quot;px&quot;,&quot;size&quot;:10,&quot;sizes&quot;:[]},&quot;space_between_mobile&quot;:{&quot;unit&quot;:&quot;px&quot;,&quot;size&quot;:10,&quot;sizes&quot;:[]}}\" data-widget_type=\"media-carousel.default\">\n\t\t\t\t<div class=\"elementor-widget-container\">\n\t\t\t\t\t\t\t\t\t<div class=\"elementor-swiper\">\n\t\t\t\t\t<div class=\"elementor-main-swiper swiper\" role=\"region\" aria-roledescription=\"carousel\" aria-label=\"Diapositives\">\n\t\t\t\t<div class=\"swiper-wrapper\">\n\t\t\t\t\t\t\t\t\t\t\t<div class=\"swiper-slide\" role=\"group\" aria-roledescription=\"slide\">\n\t\t\t\t\t\t\t\t\t<div class=\"elementor-carousel-image\" role=\"img\" aria-label=\"CFMOTO GP Bre\u0301sil 2025 Visuel_5\" style=\"background-image: url(&#039;https:\/\/www.cf-moto.fr\/moto\/wp-content\/uploads\/sites\/2\/2026\/03\/CFMOTO-GP-Bresil-2025-Visuel_5.png&#039;)\">\n\n\t\t\t\n\t\t\t\t\t<\/div>\n\t\t\t\t\t\t\t\t<\/div>\n\t\t\t\t\t\t\t\t\t\t\t<div class=\"swiper-slide\" role=\"group\" aria-roledescription=\"slide\">\n\t\t\t\t\t\t\t\t\t<div class=\"elementor-carousel-image\" role=\"img\" aria-label=\"CFMOTO GP Bre\u0301sil 2025 Visuel_3\" style=\"background-image: url(&#039;https:\/\/www.cf-moto.fr\/moto\/wp-content\/uploads\/sites\/2\/2026\/03\/CFMOTO-GP-Bresil-2025-Visuel_3.png&#039;)\">\n\n\t\t\t\n\t\t\t\t\t<\/div>\n\t\t\t\t\t\t\t\t<\/div>\n\t\t\t\t\t\t\t\t\t\t\t<div class=\"swiper-slide\" role=\"group\" aria-roledescription=\"slide\">\n\t\t\t\t\t\t\t\t\t<div class=\"elementor-carousel-image\" role=\"img\" aria-label=\"CFMOTO GP Bre\u0301sil 2025 Visuel_1\" style=\"background-image: url(&#039;https:\/\/www.cf-moto.fr\/moto\/wp-content\/uploads\/sites\/2\/2026\/03\/CFMOTO-GP-Bresil-2025-Visuel_1.png&#039;)\">\n\n\t\t\t\n\t\t\t\t\t<\/div>\n\t\t\t\t\t\t\t\t<\/div>\n\t\t\t\t\t\t\t\t\t<\/div>\n\t\t\t\t\t\t\t\t\t\t\t\t\t\t\t\t\t\t\t\t<div class=\"swiper-pagination\"><\/div>\n\t\t\t\t\t\t\t\t\t\t\t\t<\/div>\n\t\t\t\t<\/div>\n\t\t\t\t\t\t\t\t<\/div>\n\t\t\t\t<\/div>\n\t\t\t\t<\/div>\n\t\t\t\t\t<\/div>\n\t\t\t\t<\/div>\n\t\t<div class=\"elementor-element elementor-element-3b8bcfb e-flex e-con-boxed e-con e-parent\" data-id=\"3b8bcfb\" data-element_type=\"container\">\n\t\t\t\t\t<div class=\"e-con-inner\">\n\t\t\t\t<div class=\"elementor-element elementor-element-758909a elementor-widget elementor-widget-heading\" data-id=\"758909a\" data-element_type=\"widget\" data-widget_type=\"heading.default\">\n\t\t\t\t<div class=\"elementor-widget-container\">\n\t\t\t\t\t<h2 class=\"elementor-heading-title elementor-size-default\">Moto3 : M\u00e1ximo Quiles ma\u00eetre de la course \u00e0 Goi\u00e2nia<\/h2>\t\t\t\t<\/div>\n\t\t\t\t<\/div>\n\t\t\t\t<div class=\"elementor-element elementor-element-22076fd elementor-widget-tablet__width-inherit link-text elementor-widget elementor-widget-text-editor\" data-id=\"22076fd\" data-element_type=\"widget\" data-widget_type=\"text-editor.default\">\n\t\t\t\t<div class=\"elementor-widget-container\">\n\t\t\t\t\t\t\t\t\t<p>M\u00e1ximo Quiles a domin\u00e9 de bout en bout la course Moto3 du Grand Prix du Br\u00e9sil. Parti depuis la quatri\u00e8me ligne de la grille, le pilote espagnol du CFMOTO Aspar Team n&rsquo;a pas tard\u00e9 \u00e0 remonter le peloton pour s&rsquo;installer aux avant-postes. Gr\u00e2ce \u00e0 un rythme soutenu, il a r\u00e9ussi \u00e0 s&rsquo;\u00e9chapper en compagnie du leader de la course, avant que ce dernier ne soit victime d&rsquo;une chute. Quiles a alors creus\u00e9 un \u00e9cart de plus de quatre secondes sur le groupe de poursuivants.<\/p><p><br \/>Un drapeau rouge provoqu\u00e9 par la chute d&rsquo;un autre pilote a interrompu l&rsquo;\u00e9preuve alors qu&rsquo;il restait encore dix tours \u00e0 parcourir. La course a repris sur une distance r\u00e9duite de cinq tours. Parti en pole position pour ce restart, Quiles n&rsquo;a laiss\u00e9 aucune chance \u00e0 ses adversaires : il a de nouveau impos\u00e9 un rythme infernal pour s&rsquo;isoler en t\u00eate et franchir la ligne d&rsquo;arriv\u00e9e en vainqueur. Il signe ainsi sa quatri\u00e8me victoire en Moto3, la premi\u00e8re de cette saison 2025, et s&#8217;empare de la t\u00eate du classement g\u00e9n\u00e9ral du championnat.<\/p>\t\t\t\t\t\t\t\t<\/div>\n\t\t\t\t<\/div>\n\t\t\t\t<div class=\"elementor-element elementor-element-5b0c432 elementor-widget elementor-widget-heading\" data-id=\"5b0c432\" data-element_type=\"widget\" data-widget_type=\"heading.default\">\n\t\t\t\t<div class=\"elementor-widget-container\">\n\t\t\t\t\t<h2 class=\"elementor-heading-title elementor-size-default\">Marco Morelli d\u00e9croche son premier podium en Moto3<\/h2>\t\t\t\t<\/div>\n\t\t\t\t<\/div>\n\t\t\t\t<div class=\"elementor-element elementor-element-3af7120 elementor-widget-tablet__width-inherit link-text elementor-widget elementor-widget-text-editor\" data-id=\"3af7120\" data-element_type=\"widget\" data-widget_type=\"text-editor.default\">\n\t\t\t\t<div class=\"elementor-widget-container\">\n\t\t\t\t\t\t\t\t\t<p>Son co\u00e9quipier Marco Morelli a v\u00e9cu un dimanche tout aussi remarquable sur l&rsquo;Aut\u00f3dromo Internacional de Goi\u00e2nia \u2013 Ayrton Senna. Le pilote hispano-argentin a connu des difficult\u00e9s dans la premi\u00e8re partie de course en raison d&rsquo;un manque d&rsquo;adh\u00e9rence de ses pneus, ce qui l&rsquo;a fait r\u00e9trograder jusqu&rsquo;\u00e0 la septi\u00e8me place apr\u00e8s avoir pourtant occup\u00e9 les positions de podium en d\u00e9but d&rsquo;\u00e9preuve.<\/p><p>Le drapeau rouge est venu redistribuer les cartes en sa faveur. Lors du restart, Morelli a saisi l&rsquo;opportunit\u00e9 sans h\u00e9siter et s&rsquo;est lanc\u00e9 \u00e0 la poursuite de son co\u00e9quipier. Malgr\u00e9 son exp\u00e9rience encore limit\u00e9e dans la cat\u00e9gorie, il a \u00e9t\u00e9 le seul pilote capable de suivre le rythme de Quiles, signant m\u00eame des chronos plus rapides par moments. Il a finalement franchi la ligne d&rsquo;arriv\u00e9e en deuxi\u00e8me position, \u00e0 seulement un dixi\u00e8me de seconde du vainqueur, d\u00e9crochant ainsi le premier podium de sa carri\u00e8re en Moto3 et la deuxi\u00e8me place du classement g\u00e9n\u00e9ral.<\/p><p>Gr\u00e2ce \u00e0 ce doubl\u00e9, le premier pour le CFMOTO Aspar Team depuis le GP d&rsquo;Italie 2022, l&rsquo;\u00e9quipe prend \u00e9galement la t\u00eate du classement par \u00e9quipes en Moto3.<\/p>\t\t\t\t\t\t\t\t<\/div>\n\t\t\t\t<\/div>\n\t\t\t\t<div class=\"elementor-element elementor-element-75578ed elementor-skin-carousel elementor-widget elementor-widget-media-carousel\" data-id=\"75578ed\" data-element_type=\"widget\" data-settings=\"{&quot;slides_per_view&quot;:&quot;2&quot;,&quot;skin&quot;:&quot;carousel&quot;,&quot;effect&quot;:&quot;slide&quot;,&quot;speed&quot;:500,&quot;loop&quot;:&quot;yes&quot;,&quot;space_between&quot;:{&quot;unit&quot;:&quot;px&quot;,&quot;size&quot;:10,&quot;sizes&quot;:[]},&quot;space_between_laptop&quot;:{&quot;unit&quot;:&quot;px&quot;,&quot;size&quot;:10,&quot;sizes&quot;:[]},&quot;space_between_tablet&quot;:{&quot;unit&quot;:&quot;px&quot;,&quot;size&quot;:10,&quot;sizes&quot;:[]},&quot;space_between_mobile&quot;:{&quot;unit&quot;:&quot;px&quot;,&quot;size&quot;:10,&quot;sizes&quot;:[]}}\" data-widget_type=\"media-carousel.default\">\n\t\t\t\t<div class=\"elementor-widget-container\">\n\t\t\t\t\t\t\t\t\t<div class=\"elementor-swiper\">\n\t\t\t\t\t<div class=\"elementor-main-swiper swiper\" role=\"region\" aria-roledescription=\"carousel\" aria-label=\"Diapositives\">\n\t\t\t\t<div class=\"swiper-wrapper\">\n\t\t\t\t\t\t\t\t\t\t\t<div class=\"swiper-slide\" role=\"group\" aria-roledescription=\"slide\">\n\t\t\t\t\t\t\t\t\t<div class=\"elementor-carousel-image\" role=\"img\" aria-label=\"CFMOTO GP Bre\u0301sil 2025 Visuel_4\" style=\"background-image: url(&#039;https:\/\/www.cf-moto.fr\/moto\/wp-content\/uploads\/sites\/2\/2026\/03\/CFMOTO-GP-Bresil-2025-Visuel_4.png&#039;)\">\n\n\t\t\t\n\t\t\t\t\t<\/div>\n\t\t\t\t\t\t\t\t<\/div>\n\t\t\t\t\t\t\t\t\t\t\t<div class=\"swiper-slide\" role=\"group\" aria-roledescription=\"slide\">\n\t\t\t\t\t\t\t\t\t<div class=\"elementor-carousel-image\" role=\"img\" aria-label=\"CFMOTO GP Bre\u0301sil 2025 Visuel_2\" style=\"background-image: url(&#039;https:\/\/www.cf-moto.fr\/moto\/wp-content\/uploads\/sites\/2\/2026\/03\/CFMOTO-GP-Bresil-2025-Visuel_2.png&#039;)\">\n\n\t\t\t\n\t\t\t\t\t<\/div>\n\t\t\t\t\t\t\t\t<\/div>\n\t\t\t\t\t\t\t\t\t<\/div>\n\t\t\t\t\t\t\t\t\t\t\t\t\t\t\t\t\t\t\t\t\t<\/div>\n\t\t\t\t<\/div>\n\t\t\t\t\t\t\t\t<\/div>\n\t\t\t\t<\/div>\n\t\t\t\t\t<\/div>\n\t\t\t\t<\/div>\n\t\t<div class=\"elementor-element elementor-element-ba4b5db e-flex e-con-boxed e-con e-parent\" data-id=\"ba4b5db\" data-element_type=\"container\">\n\t\t\t\t\t<div class=\"e-con-inner\">\n\t\t\t\t<div class=\"elementor-element elementor-element-d6fade3 elementor-widget elementor-widget-heading\" data-id=\"d6fade3\" data-element_type=\"widget\" data-widget_type=\"heading.default\">\n\t\t\t\t<div class=\"elementor-widget-container\">\n\t\t\t\t\t<h2 class=\"elementor-heading-title elementor-size-default\">Dani Holgado s'impose et prend la t\u00eate du championnat<\/h2>\t\t\t\t<\/div>\n\t\t\t\t<\/div>\n\t\t\t\t<div class=\"elementor-element elementor-element-404d1d3 elementor-widget-tablet__width-inherit link-text elementor-widget elementor-widget-text-editor\" data-id=\"404d1d3\" data-element_type=\"widget\" data-widget_type=\"text-editor.default\">\n\t\t\t\t<div class=\"elementor-widget-container\">\n\t\t\t\t\t\t\t\t\t<p>En Moto2, la session de qualification s&rsquo;est tenue dimanche matin en raison de retards accumul\u00e9s la veille, mais cela n&rsquo;a pas emp\u00each\u00e9 les pilotes CFMOTO de briller : Dani Holgado a d\u00e9croch\u00e9 la pole position, accompagn\u00e9 de David Alonso en deuxi\u00e8me position sur la grille.<\/p><p>La course br\u00e9silienne, l&rsquo;une des plus longues en nombre de tours que la cat\u00e9gorie ait connues ces derni\u00e8res ann\u00e9es, exigeait une gestion exemplaire du rythme et des pneumatiques pour rester en lice dans les derniers tours. Malgr\u00e9 la perte de la t\u00eate de course au d\u00e9part, le Rookie de l&rsquo;Ann\u00e9e 2024 a repris le commandement et l&rsquo;a d\u00e9fendu avec d\u00e9termination jusqu&rsquo;au bout, offrant aux spectateurs une bataille palpitante dans les derniers tours. Holgado signe sa troisi\u00e8me victoire en Moto2 et son deuxi\u00e8me podium cons\u00e9cutif cette saison, prenant au passage les commandes du classement g\u00e9n\u00e9ral pour la premi\u00e8re fois depuis ses d\u00e9buts dans la cat\u00e9gorie.<\/p>\t\t\t\t\t\t\t\t<\/div>\n\t\t\t\t<\/div>\n\t\t\t\t<div class=\"elementor-element elementor-element-4a25367 elementor-widget elementor-widget-heading\" data-id=\"4a25367\" data-element_type=\"widget\" data-widget_type=\"heading.default\">\n\t\t\t\t<div class=\"elementor-widget-container\">\n\t\t\t\t\t<h2 class=\"elementor-heading-title elementor-size-default\">David Alonso engrange de l'exp\u00e9rience<\/h2>\t\t\t\t<\/div>\n\t\t\t\t<\/div>\n\t\t\t\t<div class=\"elementor-element elementor-element-8db1550 elementor-widget-tablet__width-inherit link-text elementor-widget elementor-widget-text-editor\" data-id=\"8db1550\" data-element_type=\"widget\" data-widget_type=\"text-editor.default\">\n\t\t\t\t<div class=\"elementor-widget-container\">\n\t\t\t\t\t\t\t\t\t<p>De son c\u00f4t\u00e9, David Alonso a disput\u00e9 une course riche en enseignements. Le pilote colombien s&rsquo;est maintenu dans le top 3 en d\u00e9but d&rsquo;\u00e9preuve malgr\u00e9 quelques places perdues au d\u00e9part. Le rythme \u00e9lev\u00e9 impos\u00e9 par les pilotes de t\u00eate a mis le pilote du CFMOTO Aspar Team \u00e0 rude \u00e9preuve et l&rsquo;a fait reculer jusqu&rsquo;\u00e0 la cinqui\u00e8me position. Faisant preuve de maturit\u00e9, Alonso a choisi de d\u00e9fendre cette position pour \u00e9viter toute erreur inutile et a franchi la ligne d&rsquo;arriv\u00e9e en cinqui\u00e8me place, engrangeant des points pr\u00e9cieux pour la suite de la saison.<\/p><p>Avec ces r\u00e9sultats, le CFMOTO Aspar Team s&#8217;empare \u00e9galement de la t\u00eate du classement par \u00e9quipes en Moto2.<\/p>\t\t\t\t\t\t\t\t<\/div>\n\t\t\t\t<\/div>\n\t\t\t\t<div class=\"elementor-element elementor-element-117c899 elementor-skin-carousel elementor-widget elementor-widget-media-carousel\" data-id=\"117c899\" data-element_type=\"widget\" data-settings=\"{&quot;slides_per_view&quot;:&quot;2&quot;,&quot;skin&quot;:&quot;carousel&quot;,&quot;effect&quot;:&quot;slide&quot;,&quot;speed&quot;:500,&quot;loop&quot;:&quot;yes&quot;,&quot;space_between&quot;:{&quot;unit&quot;:&quot;px&quot;,&quot;size&quot;:10,&quot;sizes&quot;:[]},&quot;space_between_laptop&quot;:{&quot;unit&quot;:&quot;px&quot;,&quot;size&quot;:10,&quot;sizes&quot;:[]},&quot;space_between_tablet&quot;:{&quot;unit&quot;:&quot;px&quot;,&quot;size&quot;:10,&quot;sizes&quot;:[]},&quot;space_between_mobile&quot;:{&quot;unit&quot;:&quot;px&quot;,&quot;size&quot;:10,&quot;sizes&quot;:[]}}\" data-widget_type=\"media-carousel.default\">\n\t\t\t\t<div class=\"elementor-widget-container\">\n\t\t\t\t\t\t\t\t\t<div class=\"elementor-swiper\">\n\t\t\t\t\t<div class=\"elementor-main-swiper swiper\" role=\"region\" aria-roledescription=\"carousel\" aria-label=\"Diapositives\">\n\t\t\t\t<div class=\"swiper-wrapper\">\n\t\t\t\t\t\t\t\t\t\t\t<div class=\"swiper-slide\" role=\"group\" aria-roledescription=\"slide\">\n\t\t\t\t\t\t\t\t\t<div class=\"elementor-carousel-image\" role=\"img\" aria-label=\"CFMOTO GP Bre\u0301sil 2025 Visuel_5\" style=\"background-image: url(&#039;https:\/\/www.cf-moto.fr\/moto\/wp-content\/uploads\/sites\/2\/2026\/03\/CFMOTO-GP-Bresil-2025-Visuel_5.png&#039;)\">\n\n\t\t\t\n\t\t\t\t\t<\/div>\n\t\t\t\t\t\t\t\t<\/div>\n\t\t\t\t\t\t\t\t\t\t\t<div class=\"swiper-slide\" role=\"group\" aria-roledescription=\"slide\">\n\t\t\t\t\t\t\t\t\t<div class=\"elementor-carousel-image\" role=\"img\" aria-label=\"CFMOTO GP Bre\u0301sil 2025 Visuel_6\" style=\"background-image: url(&#039;https:\/\/www.cf-moto.fr\/moto\/wp-content\/uploads\/sites\/2\/2026\/03\/CFMOTO-GP-Bresil-2025-Visuel_6.png&#039;)\">\n\n\t\t\t\n\t\t\t\t\t<\/div>\n\t\t\t\t\t\t\t\t<\/div>\n\t\t\t\t\t\t\t\t\t<\/div>\n\t\t\t\t\t\t\t\t\t\t\t\t\t\t\t\t\t\t\t\t\t<\/div>\n\t\t\t\t<\/div>\n\t\t\t\t\t\t\t\t<\/div>\n\t\t\t\t<\/div>\n\t\t\t\t\t<\/div>\n\t\t\t\t<\/div>\n\t\t<div class=\"elementor-element elementor-element-9db0f01 e-con-full e-flex e-con e-parent\" data-id=\"9db0f01\" data-element_type=\"container\">\n\t\t<div class=\"elementor-element elementor-element-44c5c12 e-flex e-con-boxed e-con e-child\" data-id=\"44c5c12\" data-element_type=\"container\">\n\t\t\t\t\t<div class=\"e-con-inner\">\n\t\t\t\t<div class=\"elementor-element elementor-element-73c5f78 elementor-widget-divider--view-line elementor-widget elementor-widget-divider\" data-id=\"73c5f78\" data-element_type=\"widget\" data-widget_type=\"divider.default\">\n\t\t\t\t<div class=\"elementor-widget-container\">\n\t\t\t\t\t\t\t<div class=\"elementor-divider\">\n\t\t\t<span class=\"elementor-divider-separator\">\n\t\t\t\t\t\t<\/span>\n\t\t<\/div>\n\t\t\t\t\t\t<\/div>\n\t\t\t\t<\/div>\n\t\t\t\t<div class=\"elementor-element elementor-element-711ae32 elementor-widget elementor-widget-heading\" data-id=\"711ae32\" data-element_type=\"widget\" data-widget_type=\"heading.default\">\n\t\t\t\t<div class=\"elementor-widget-container\">\n\t\t\t\t\t<div class=\"elementor-heading-title elementor-size-default\">Autres articles<\/div>\t\t\t\t<\/div>\n\t\t\t\t<\/div>\n\t\t\t\t<div class=\"elementor-element elementor-element-5ea09f3 elementor-grid-3 elementor-grid-tablet-2 elementor-grid-mobile-1 elementor-posts--thumbnail-top elementor-posts--show-avatar elementor-card-shadow-yes elementor-posts__hover-gradient elementor-widget elementor-widget-posts\" data-id=\"5ea09f3\" data-element_type=\"widget\" data-settings=\"{&quot;cards_columns&quot;:&quot;3&quot;,&quot;cards_columns_tablet&quot;:&quot;2&quot;,&quot;cards_columns_mobile&quot;:&quot;1&quot;,&quot;cards_row_gap&quot;:{&quot;unit&quot;:&quot;px&quot;,&quot;size&quot;:35,&quot;sizes&quot;:[]},&quot;cards_row_gap_laptop&quot;:{&quot;unit&quot;:&quot;px&quot;,&quot;size&quot;:&quot;&quot;,&quot;sizes&quot;:[]},&quot;cards_row_gap_tablet&quot;:{&quot;unit&quot;:&quot;px&quot;,&quot;size&quot;:&quot;&quot;,&quot;sizes&quot;:[]},&quot;cards_row_gap_mobile&quot;:{&quot;unit&quot;:&quot;px&quot;,&quot;size&quot;:&quot;&quot;,&quot;sizes&quot;:[]}}\" data-widget_type=\"posts.cards\">\n\t\t\t\t<div class=\"elementor-widget-container\">\n\t\t\t\t\t\t\t<div class=\"elementor-posts-container elementor-posts elementor-posts--skin-cards elementor-grid\" role=\"list\">\n\t\t\t\t<article class=\"elementor-post elementor-grid-item post-15571 post type-post status-publish format-standard has-post-thumbnail hentry category-actualites\" role=\"listitem\">\n\t\t\t<div class=\"elementor-post__card\">\n\t\t\t\t<a class=\"elementor-post__thumbnail__link\" href=\"https:\/\/www.cf-moto.fr\/moto\/cfmoto-au-grand-prix-de-france-moto-2026-retrouvez-nous-au-village-du-7-au-10-mai\/\" tabindex=\"-1\" ><div class=\"elementor-post__thumbnail\"><img fetchpriority=\"high\" decoding=\"async\" width=\"2000\" height=\"1125\" src=\"https:\/\/www.cf-moto.fr\/moto\/wp-content\/uploads\/sites\/2\/2025\/05\/GP-France-2025-CMOTO-France-visuel_2.jpg\" class=\"attachment-full size-full wp-image-14178\" alt=\"\" srcset=\"https:\/\/www.cf-moto.fr\/moto\/wp-content\/uploads\/sites\/2\/2025\/05\/GP-France-2025-CMOTO-France-visuel_2.jpg 2000w, https:\/\/www.cf-moto.fr\/moto\/wp-content\/uploads\/sites\/2\/2025\/05\/GP-France-2025-CMOTO-France-visuel_2-300x169.jpg 300w, https:\/\/www.cf-moto.fr\/moto\/wp-content\/uploads\/sites\/2\/2025\/05\/GP-France-2025-CMOTO-France-visuel_2-1024x576.jpg 1024w, https:\/\/www.cf-moto.fr\/moto\/wp-content\/uploads\/sites\/2\/2025\/05\/GP-France-2025-CMOTO-France-visuel_2-768x432.jpg 768w, https:\/\/www.cf-moto.fr\/moto\/wp-content\/uploads\/sites\/2\/2025\/05\/GP-France-2025-CMOTO-France-visuel_2-1536x864.jpg 1536w, https:\/\/www.cf-moto.fr\/moto\/wp-content\/uploads\/sites\/2\/2025\/05\/GP-France-2025-CMOTO-France-visuel_2-600x338.jpg 600w\" sizes=\"(max-width: 2000px) 100vw, 2000px\" \/><\/div><\/a>\n\t\t\t\t<div class=\"elementor-post__badge\">Actualit\u00e9s<\/div>\n\t\t\t\t<div class=\"elementor-post__avatar\">\n\t\t\t\t\t<\/div>\n\t\t\t\t<div class=\"elementor-post__text\">\n\t\t\t\t<h3 class=\"elementor-post__title\">\n\t\t\t<a href=\"https:\/\/www.cf-moto.fr\/moto\/cfmoto-au-grand-prix-de-france-moto-2026-retrouvez-nous-au-village-du-7-au-10-mai\/\" >\n\t\t\t\tCFMOTO au Grand Prix de France Moto 2026 : retrouvez-nous au village du 7 au 10 mai\t\t\t<\/a>\n\t\t<\/h3>\n\t\t\t\t<div class=\"elementor-post__excerpt\">\n\t\t\t<p>CFMOTO sera pr\u00e9sent au Grand Prix de France Moto du 7 au 10 mai au village moto. Exposition de la gamme, d\u00e9dicace pilote Aspar le vendredi \u00e0 17h et un sac Aspar \u00e0 gagner sur le stand.<\/p>\n\t\t<\/div>\n\t\t\t\t<\/div>\n\t\t\t\t<div class=\"elementor-post__meta-data\">\n\t\t\t\t\t<span class=\"elementor-post-date\">\n\t\t\t22\/04\/2026\t\t<\/span>\n\t\t\t\t<\/div>\n\t\t\t\t\t<\/div>\n\t\t<\/article>\n\t\t\t\t<article class=\"elementor-post elementor-grid-item post-15414 post type-post status-publish format-standard has-post-thumbnail hentry category-actualites\" role=\"listitem\">\n\t\t\t<div class=\"elementor-post__card\">\n\t\t\t\t<a class=\"elementor-post__thumbnail__link\" href=\"https:\/\/www.cf-moto.fr\/moto\/cfmoto-day-2026-la-v4-sr-rr-fait-ses-debuts-sur-le-circuit-de-chengdu\/\" tabindex=\"-1\" ><div class=\"elementor-post__thumbnail\"><img decoding=\"async\" width=\"1500\" height=\"999\" src=\"https:\/\/www.cf-moto.fr\/moto\/wp-content\/uploads\/sites\/2\/2026\/04\/CFMOTO-Day-2026-Visuel_3.webp\" class=\"attachment-full size-full wp-image-15418\" alt=\"\" srcset=\"https:\/\/www.cf-moto.fr\/moto\/wp-content\/uploads\/sites\/2\/2026\/04\/CFMOTO-Day-2026-Visuel_3.webp 1500w, https:\/\/www.cf-moto.fr\/moto\/wp-content\/uploads\/sites\/2\/2026\/04\/CFMOTO-Day-2026-Visuel_3-300x200.webp 300w, https:\/\/www.cf-moto.fr\/moto\/wp-content\/uploads\/sites\/2\/2026\/04\/CFMOTO-Day-2026-Visuel_3-1024x682.webp 1024w, https:\/\/www.cf-moto.fr\/moto\/wp-content\/uploads\/sites\/2\/2026\/04\/CFMOTO-Day-2026-Visuel_3-768x511.webp 768w, https:\/\/www.cf-moto.fr\/moto\/wp-content\/uploads\/sites\/2\/2026\/04\/CFMOTO-Day-2026-Visuel_3-600x400.webp 600w\" sizes=\"(max-width: 1500px) 100vw, 1500px\" \/><\/div><\/a>\n\t\t\t\t<div class=\"elementor-post__badge\">Actualit\u00e9s<\/div>\n\t\t\t\t<div class=\"elementor-post__avatar\">\n\t\t\t\t\t<\/div>\n\t\t\t\t<div class=\"elementor-post__text\">\n\t\t\t\t<h3 class=\"elementor-post__title\">\n\t\t\t<a href=\"https:\/\/www.cf-moto.fr\/moto\/cfmoto-day-2026-la-v4-sr-rr-fait-ses-debuts-sur-le-circuit-de-chengdu\/\" >\n\t\t\t\tCFMOTO DAY 2026 : la V4 SR-RR fait ses d\u00e9buts sur le circuit de Chengdu\t\t\t<\/a>\n\t\t<\/h3>\n\t\t\t\t<div class=\"elementor-post__excerpt\">\n\t\t\t<p>Le CFMOTO DAY 2026 s&rsquo;est tenu \u00e0 Chengdu avec le lancement officiel de la 500SR et les d\u00e9buts dynamiques de la V4 SR-RR, premi\u00e8re sportive chinoise \u00e0 moteur V4 de 1 000 cc.<\/p>\n\t\t<\/div>\n\t\t\t\t<\/div>\n\t\t\t\t<div class=\"elementor-post__meta-data\">\n\t\t\t\t\t<span class=\"elementor-post-date\">\n\t\t\t13\/04\/2026\t\t<\/span>\n\t\t\t\t<\/div>\n\t\t\t\t\t<\/div>\n\t\t<\/article>\n\t\t\t\t<article class=\"elementor-post elementor-grid-item post-15434 post type-post status-publish format-standard has-post-thumbnail hentry category-competition\" role=\"listitem\">\n\t\t\t<div class=\"elementor-post__card\">\n\t\t\t\t<a class=\"elementor-post__thumbnail__link\" href=\"https:\/\/www.cf-moto.fr\/moto\/gp-des-etats-unis-2025-quiles-conserve-la-tete-du-championnat-moto3-alonso-signe-une-remontee-spectaculaire-en-moto2\/\" tabindex=\"-1\" ><div class=\"elementor-post__thumbnail\"><img decoding=\"async\" width=\"1268\" height=\"846\" src=\"https:\/\/www.cf-moto.fr\/moto\/wp-content\/uploads\/sites\/2\/2026\/04\/CFMOTO-Aspar-GP-US-2026-Visuel_7.webp\" class=\"attachment-full size-full wp-image-15446\" alt=\"\" srcset=\"https:\/\/www.cf-moto.fr\/moto\/wp-content\/uploads\/sites\/2\/2026\/04\/CFMOTO-Aspar-GP-US-2026-Visuel_7.webp 1268w, https:\/\/www.cf-moto.fr\/moto\/wp-content\/uploads\/sites\/2\/2026\/04\/CFMOTO-Aspar-GP-US-2026-Visuel_7-300x200.webp 300w, https:\/\/www.cf-moto.fr\/moto\/wp-content\/uploads\/sites\/2\/2026\/04\/CFMOTO-Aspar-GP-US-2026-Visuel_7-1024x683.webp 1024w, https:\/\/www.cf-moto.fr\/moto\/wp-content\/uploads\/sites\/2\/2026\/04\/CFMOTO-Aspar-GP-US-2026-Visuel_7-768x512.webp 768w, https:\/\/www.cf-moto.fr\/moto\/wp-content\/uploads\/sites\/2\/2026\/04\/CFMOTO-Aspar-GP-US-2026-Visuel_7-600x400.webp 600w\" sizes=\"(max-width: 1268px) 100vw, 1268px\" \/><\/div><\/a>\n\t\t\t\t<div class=\"elementor-post__badge\">Comp\u00e9tition<\/div>\n\t\t\t\t<div class=\"elementor-post__avatar\">\n\t\t\t\t\t<\/div>\n\t\t\t\t<div class=\"elementor-post__text\">\n\t\t\t\t<h3 class=\"elementor-post__title\">\n\t\t\t<a href=\"https:\/\/www.cf-moto.fr\/moto\/gp-des-etats-unis-2025-quiles-conserve-la-tete-du-championnat-moto3-alonso-signe-une-remontee-spectaculaire-en-moto2\/\" >\n\t\t\t\tGP des \u00c9tats-Unis 2025 : Quiles conserve la t\u00eate du championnat Moto3, Alonso signe une remont\u00e9e spectaculaire en Moto2\t\t\t<\/a>\n\t\t<\/h3>\n\t\t\t\t<div class=\"elementor-post__excerpt\">\n\t\t\t<p>M\u00e1ximo Quiles termine 2e en Moto3 \u00e0 Austin et conserve la t\u00eate du championnat. David Alonso signe une remont\u00e9e remarquable en Moto2 jusqu&rsquo;\u00e0 la 4e place. R\u00e9sultats du CFMOTO Aspar Team.<\/p>\n\t\t<\/div>\n\t\t\t\t<\/div>\n\t\t\t\t<div class=\"elementor-post__meta-data\">\n\t\t\t\t\t<span class=\"elementor-post-date\">\n\t\t\t13\/04\/2026\t\t<\/span>\n\t\t\t\t<\/div>\n\t\t\t\t\t<\/div>\n\t\t<\/article>\n\t\t\t\t<\/div>\n\t\t\n\t\t\t\t\t\t<\/div>\n\t\t\t\t<\/div>\n\t\t\t\t\t<\/div>\n\t\t\t\t<\/div>\n\t\t\t\t<\/div>\n\t\t\t\t<\/div>\n\t\t","protected":false},"excerpt":{"rendered":"<p>M\u00e1ximo Quiles et Marco Morelli signent un doubl\u00e9 historique en Moto3 \u00e0 Goi\u00e2nia. Dani Holgado remporte la course Moto2 et prend la t\u00eate du championnat. R\u00e9sultats du CFMOTO Aspar Team.<\/p>\n","protected":false},"author":1,"featured_media":15398,"comment_status":"closed","ping_status":"open","sticky":false,"template":"","format":"standard","meta":{"_acf_changed":false,"footnotes":""},"categories":[16],"tags":[],"class_list":["post-15391","post","type-post","status-publish","format-standard","has-post-thumbnail","hentry","category-competition"],"acf":[],"_links":{"self":[{"href":"https:\/\/www.cf-moto.fr\/moto\/wp-json\/wp\/v2\/posts\/15391","targetHints":{"allow":["GET"]}}],"collection":[{"href":"https:\/\/www.cf-moto.fr\/moto\/wp-json\/wp\/v2\/posts"}],"about":[{"href":"https:\/\/www.cf-moto.fr\/moto\/wp-json\/wp\/v2\/types\/post"}],"author":[{"embeddable":true,"href":"https:\/\/www.cf-moto.fr\/moto\/wp-json\/wp\/v2\/users\/1"}],"replies":[{"embeddable":true,"href":"https:\/\/www.cf-moto.fr\/moto\/wp-json\/wp\/v2\/comments?post=15391"}],"version-history":[{"count":0,"href":"https:\/\/www.cf-moto.fr\/moto\/wp-json\/wp\/v2\/posts\/15391\/revisions"}],"wp:featuredmedia":[{"embeddable":true,"href":"https:\/\/www.cf-moto.fr\/moto\/wp-json\/wp\/v2\/media\/15398"}],"wp:attachment":[{"href":"https:\/\/www.cf-moto.fr\/moto\/wp-json\/wp\/v2\/media?parent=15391"}],"wp:term":[{"taxonomy":"category","embeddable":true,"href":"https:\/\/www.cf-moto.fr\/moto\/wp-json\/wp\/v2\/categories?post=15391"},{"taxonomy":"post_tag","embeddable":true,"href":"https:\/\/www.cf-moto.fr\/moto\/wp-json\/wp\/v2\/tags?post=15391"}],"curies":[{"name":"wp","href":"https:\/\/api.w.org\/{rel}","templated":true}]}}