{"id":14748,"date":"2025-10-29T10:29:15","date_gmt":"2025-10-29T09:29:15","guid":{"rendered":"https:\/\/www.cf-moto.fr\/moto\/?p=14748"},"modified":"2025-10-31T14:22:22","modified_gmt":"2025-10-31T13:22:22","slug":"cfmoto-mt-challenge-2025-une-premiere-edition-memorable","status":"publish","type":"post","link":"https:\/\/www.cf-moto.fr\/moto\/cfmoto-mt-challenge-2025-une-premiere-edition-memorable\/","title":{"rendered":"CFMOTO MT Challenge 2025 \u2013 Une premi\u00e8re \u00e9dition m\u00e9morable !"},"content":{"rendered":"\t\t<div data-elementor-type=\"wp-post\" data-elementor-id=\"14748\" class=\"elementor elementor-14748\" data-elementor-post-type=\"post\">\n\t\t\t\t<div class=\"elementor-element elementor-element-6bff694 e-con-full e-flex e-con e-parent\" data-id=\"6bff694\" data-element_type=\"container\" data-settings=\"{&quot;background_background&quot;:&quot;classic&quot;}\">\n\t\t<div class=\"elementor-element elementor-element-3c56cc1 e-flex e-con-boxed e-con e-child\" data-id=\"3c56cc1\" data-element_type=\"container\">\n\t\t\t\t\t<div class=\"e-con-inner\">\n\t\t\t\t<div class=\"elementor-element elementor-element-6c5c5e7 elementor-widget elementor-widget-heading\" data-id=\"6c5c5e7\" data-element_type=\"widget\" data-widget_type=\"heading.default\">\n\t\t\t\t<div class=\"elementor-widget-container\">\n\t\t\t\t\t<h1 class=\"elementor-heading-title elementor-size-default\">CFMOTO MT Challenge 2025 \u2013 Une premi\u00e8re \u00e9dition m\u00e9morable !<\/h1>\t\t\t\t<\/div>\n\t\t\t\t<\/div>\n\t\t\t\t<div class=\"elementor-element elementor-element-3b03aad elementor-widget__width-initial elementor-widget elementor-widget-text-editor\" data-id=\"3b03aad\" data-element_type=\"widget\" data-widget_type=\"text-editor.default\">\n\t\t\t\t<div class=\"elementor-widget-container\">\n\t\t\t\t\t\t\t\t\tLa premi\u00e8re \u00e9dition du CFMOTO MT Challenge s\u2019est tenue \u00e0 Melbourne, en Australie, et restera grav\u00e9e comme un \u00e9v\u00e9nement unique m\u00ealant plaisir, performance et esprit d\u2019aventure.\t\t\t\t\t\t\t\t<\/div>\n\t\t\t\t<\/div>\n\t\t\t\t\t<\/div>\n\t\t\t\t<\/div>\n\t\t\t\t<\/div>\n\t\t<div class=\"elementor-element elementor-element-3547d48 e-flex e-con-boxed e-con e-parent\" data-id=\"3547d48\" data-element_type=\"container\">\n\t\t\t\t\t<div class=\"e-con-inner\">\n\t\t\t\t<div class=\"elementor-element elementor-element-07ed26f elementor-widget elementor-widget-heading\" data-id=\"07ed26f\" data-element_type=\"widget\" data-widget_type=\"heading.default\">\n\t\t\t\t<div class=\"elementor-widget-container\">\n\t\t\t\t\t<h2 class=\"elementor-heading-title elementor-size-default\">Un d\u00e9fi mondial autour de la CFMOTO 800MT-X<\/h2>\t\t\t\t<\/div>\n\t\t\t\t<\/div>\n\t\t\t\t<div class=\"elementor-element elementor-element-e8268fb elementor-widget-tablet__width-inherit link-text elementor-widget elementor-widget-text-editor\" data-id=\"e8268fb\" data-element_type=\"widget\" data-widget_type=\"text-editor.default\">\n\t\t\t\t<div class=\"elementor-widget-container\">\n\t\t\t\t\t\t\t\t\t<p>Pendant deux jours intenses, 72 pilotes venus des quatre coins du monde se sont affront\u00e9s dans une s\u00e9rie d\u2019\u00e9preuves techniques et ludiques, c\u00e9l\u00e9brant la passion universelle du voyage \u00e0 moto au guidon de la CFMOTO 800MT-X, v\u00e9ritable protagoniste de cette aventure.<\/p><p>Pens\u00e9 comme une rencontre internationale alliant esprit d\u2019\u00e9quipe et pilotage, le CFMOTO MT Challenge a r\u00e9uni 18 \u00e9quipes venues de quatre continents apr\u00e8s plusieurs mois de s\u00e9lections nationales \u00e0 travers l\u2019Europe, l\u2019Asie, l\u2019Oc\u00e9anie et l\u2019Am\u00e9rique du Sud.<\/p><p>Chaque pays pr\u00e9sentait une \u00e9quipe de quatre pilotes, tous pr\u00eats \u00e0 repousser leurs limites dans une ambiance conviviale.<\/p><p>Le lieu choisi, Melbourne, capitale australienne des sports m\u00e9caniques, a servi de terrain de jeu id\u00e9al pour cette grande finale mondiale.<\/p><p>Certaines \u00e9quipes ont m\u00eame d\u00fb s\u2019adapter \u00e0 des impr\u00e9vus : la Team Turquie et la Team Mongolie, incompl\u00e8tes au d\u00e9part, ont uni leurs forces pour ne former qu\u2019une seule \u00e9quipe, symbolisant parfaitement l\u2019esprit de solidarit\u00e9 du CFMOTO MT Challenge.<\/p>\t\t\t\t\t\t\t\t<\/div>\n\t\t\t\t<\/div>\n\t\t\t\t\t<\/div>\n\t\t\t\t<\/div>\n\t\t<div class=\"elementor-element elementor-element-7e50040 e-flex e-con-boxed e-con e-parent\" data-id=\"7e50040\" data-element_type=\"container\" data-settings=\"{&quot;background_background&quot;:&quot;classic&quot;}\">\n\t\t\t\t\t<div class=\"e-con-inner\">\n\t\t<div class=\"elementor-element elementor-element-be1b5ea e-con-full e-flex e-con e-child\" data-id=\"be1b5ea\" data-element_type=\"container\">\n\t\t\t\t<div class=\"elementor-element elementor-element-b92722f elementor-skin-carousel elementor-pagination-type-bullets elementor-pagination-position-outside elementor-widget elementor-widget-media-carousel\" data-id=\"b92722f\" data-element_type=\"widget\" data-settings=\"{&quot;space_between&quot;:{&quot;unit&quot;:&quot;px&quot;,&quot;size&quot;:20,&quot;sizes&quot;:[]},&quot;skin&quot;:&quot;carousel&quot;,&quot;effect&quot;:&quot;slide&quot;,&quot;pagination&quot;:&quot;bullets&quot;,&quot;speed&quot;:500,&quot;autoplay&quot;:&quot;yes&quot;,&quot;autoplay_speed&quot;:5000,&quot;loop&quot;:&quot;yes&quot;,&quot;pause_on_hover&quot;:&quot;yes&quot;,&quot;pause_on_interaction&quot;:&quot;yes&quot;,&quot;space_between_laptop&quot;:{&quot;unit&quot;:&quot;px&quot;,&quot;size&quot;:10,&quot;sizes&quot;:[]},&quot;space_between_tablet&quot;:{&quot;unit&quot;:&quot;px&quot;,&quot;size&quot;:10,&quot;sizes&quot;:[]},&quot;space_between_mobile&quot;:{&quot;unit&quot;:&quot;px&quot;,&quot;size&quot;:10,&quot;sizes&quot;:[]}}\" data-widget_type=\"media-carousel.default\">\n\t\t\t\t<div class=\"elementor-widget-container\">\n\t\t\t\t\t\t\t\t\t<div class=\"elementor-swiper\">\n\t\t\t\t\t<div class=\"elementor-main-swiper swiper\" role=\"region\" aria-roledescription=\"carousel\" aria-label=\"Diapositives\">\n\t\t\t\t<div class=\"swiper-wrapper\">\n\t\t\t\t\t\t\t\t\t\t\t<div class=\"swiper-slide\" role=\"group\" aria-roledescription=\"slide\">\n\t\t\t\t\t\t\t\t\t<div class=\"elementor-carousel-image\" role=\"img\" aria-label=\"CFMOTO MT Challenge 2025 visuel_8\" style=\"background-image: url(&#039;https:\/\/www.cf-moto.fr\/moto\/wp-content\/uploads\/sites\/2\/2025\/10\/CFMOTO-MT-Challenge-2025-visuel_8.jpg&#039;)\">\n\n\t\t\t\n\t\t\t\t\t<\/div>\n\t\t\t\t\t\t\t\t<\/div>\n\t\t\t\t\t\t\t\t\t\t\t<div class=\"swiper-slide\" role=\"group\" aria-roledescription=\"slide\">\n\t\t\t\t\t\t\t\t\t<div class=\"elementor-carousel-image\" role=\"img\" aria-label=\"CFMOTO MT Challenge 2025 visuel_4\" style=\"background-image: url(&#039;https:\/\/www.cf-moto.fr\/moto\/wp-content\/uploads\/sites\/2\/2025\/10\/CFMOTO-MT-Challenge-2025-visuel_4.jpg&#039;)\">\n\n\t\t\t\n\t\t\t\t\t<\/div>\n\t\t\t\t\t\t\t\t<\/div>\n\t\t\t\t\t\t\t\t\t\t\t<div class=\"swiper-slide\" role=\"group\" aria-roledescription=\"slide\">\n\t\t\t\t\t\t\t\t\t<div class=\"elementor-carousel-image\" role=\"img\" aria-label=\"CFMOTO MT Challenge 2025 visuel_3\" style=\"background-image: url(&#039;https:\/\/www.cf-moto.fr\/moto\/wp-content\/uploads\/sites\/2\/2025\/10\/CFMOTO-MT-Challenge-2025-visuel_3.jpg&#039;)\">\n\n\t\t\t\n\t\t\t\t\t<\/div>\n\t\t\t\t\t\t\t\t<\/div>\n\t\t\t\t\t\t\t\t\t<\/div>\n\t\t\t\t\t\t\t\t\t\t\t\t\t\t\t\t\t\t\t\t<div class=\"swiper-pagination\"><\/div>\n\t\t\t\t\t\t\t\t\t\t\t\t<\/div>\n\t\t\t\t<\/div>\n\t\t\t\t\t\t\t\t<\/div>\n\t\t\t\t<\/div>\n\t\t\t\t<\/div>\n\t\t\t\t\t<\/div>\n\t\t\t\t<\/div>\n\t\t<div class=\"elementor-element elementor-element-f967fa8 e-flex e-con-boxed e-con e-parent\" data-id=\"f967fa8\" data-element_type=\"container\">\n\t\t\t\t\t<div class=\"e-con-inner\">\n\t\t\t\t<div class=\"elementor-element elementor-element-005d71f elementor-widget elementor-widget-heading\" data-id=\"005d71f\" data-element_type=\"widget\" data-widget_type=\"heading.default\">\n\t\t\t\t<div class=\"elementor-widget-container\">\n\t\t\t\t\t<h2 class=\"elementor-heading-title elementor-size-default\">Jour 1 \u2013 Venue Challenge : technique, pr\u00e9cision et coh\u00e9sion<\/h2>\t\t\t\t<\/div>\n\t\t\t\t<\/div>\n\t\t\t\t<div class=\"elementor-element elementor-element-1f66ea5 elementor-widget-tablet__width-inherit link-text elementor-widget elementor-widget-text-editor\" data-id=\"1f66ea5\" data-element_type=\"widget\" data-widget_type=\"text-editor.default\">\n\t\t\t\t<div class=\"elementor-widget-container\">\n\t\t\t\t\t\t\t\t\t<p>La premi\u00e8re journ\u00e9e, baptis\u00e9e Venue Challenge, proposait dix \u00e9preuves vari\u00e9es aux noms aussi originaux que redoutables :<br \/>le Figures 8 Plus Challenge, le Tennis Ball Challenge, le SENA Blindfold Control Challenge, le Steeplechase Challenge, ou encore le fameux Kangaroo Chase Challenge (rassurez-vous, sans kangourous !).<\/p><p>\u00c9quilibre, coordination, gestion de l\u2019acc\u00e9l\u00e9ration et entraide entre co\u00e9quipiers \u00e9taient au c\u0153ur de la comp\u00e9tition.<\/p><p>Chaque erreur co\u00fbtait des points, chaque geste pr\u00e9cis rapportait des secondes pr\u00e9cieuses.<br \/>Les rires, les encouragements et l\u2019adr\u00e9naline ont rythm\u00e9 cette premi\u00e8re journ\u00e9e o\u00f9 la bonne humeur rivalisait avec la rigueur du pilotage.<\/p>\t\t\t\t\t\t\t\t<\/div>\n\t\t\t\t<\/div>\n\t\t\t\t<div class=\"elementor-element elementor-element-5464bcb elementor-skin-carousel elementor-widget elementor-widget-media-carousel\" data-id=\"5464bcb\" data-element_type=\"widget\" data-settings=\"{&quot;slides_per_view&quot;:&quot;2&quot;,&quot;skin&quot;:&quot;carousel&quot;,&quot;effect&quot;:&quot;slide&quot;,&quot;speed&quot;:500,&quot;loop&quot;:&quot;yes&quot;,&quot;space_between&quot;:{&quot;unit&quot;:&quot;px&quot;,&quot;size&quot;:10,&quot;sizes&quot;:[]},&quot;space_between_laptop&quot;:{&quot;unit&quot;:&quot;px&quot;,&quot;size&quot;:10,&quot;sizes&quot;:[]},&quot;space_between_tablet&quot;:{&quot;unit&quot;:&quot;px&quot;,&quot;size&quot;:10,&quot;sizes&quot;:[]},&quot;space_between_mobile&quot;:{&quot;unit&quot;:&quot;px&quot;,&quot;size&quot;:10,&quot;sizes&quot;:[]}}\" data-widget_type=\"media-carousel.default\">\n\t\t\t\t<div class=\"elementor-widget-container\">\n\t\t\t\t\t\t\t\t\t<div class=\"elementor-swiper\">\n\t\t\t\t\t<div class=\"elementor-main-swiper swiper\" role=\"region\" aria-roledescription=\"carousel\" aria-label=\"Diapositives\">\n\t\t\t\t<div class=\"swiper-wrapper\">\n\t\t\t\t\t\t\t\t\t\t\t<div class=\"swiper-slide\" role=\"group\" aria-roledescription=\"slide\">\n\t\t\t\t\t\t\t\t\t<div class=\"elementor-carousel-image\" role=\"img\" aria-label=\"CFMOTO MT Challenge 2025 visuel_10\" style=\"background-image: url(&#039;https:\/\/www.cf-moto.fr\/moto\/wp-content\/uploads\/sites\/2\/2025\/10\/CFMOTO-MT-Challenge-2025-visuel_10.jpg&#039;)\">\n\n\t\t\t\n\t\t\t\t\t<\/div>\n\t\t\t\t\t\t\t\t<\/div>\n\t\t\t\t\t\t\t\t\t\t\t<div class=\"swiper-slide\" role=\"group\" aria-roledescription=\"slide\">\n\t\t\t\t\t\t\t\t\t<div class=\"elementor-carousel-image\" role=\"img\" aria-label=\"CFMOTO MT Challenge 2025 visuel_12\" style=\"background-image: url(&#039;https:\/\/www.cf-moto.fr\/moto\/wp-content\/uploads\/sites\/2\/2025\/10\/CFMOTO-MT-Challenge-2025-visuel_12.jpg&#039;)\">\n\n\t\t\t\n\t\t\t\t\t<\/div>\n\t\t\t\t\t\t\t\t<\/div>\n\t\t\t\t\t\t\t\t\t<\/div>\n\t\t\t\t\t\t\t\t\t\t\t\t\t\t\t\t\t\t\t\t\t<\/div>\n\t\t\t\t<\/div>\n\t\t\t\t\t\t\t\t<\/div>\n\t\t\t\t<\/div>\n\t\t\t\t\t<\/div>\n\t\t\t\t<\/div>\n\t\t<div class=\"elementor-element elementor-element-ebd3052 e-flex e-con-boxed e-con e-parent\" data-id=\"ebd3052\" data-element_type=\"container\">\n\t\t\t\t\t<div class=\"e-con-inner\">\n\t\t\t\t<div class=\"elementor-element elementor-element-507a3f3 elementor-widget elementor-widget-heading\" data-id=\"507a3f3\" data-element_type=\"widget\" data-widget_type=\"heading.default\">\n\t\t\t\t<div class=\"elementor-widget-container\">\n\t\t\t\t\t<h2 class=\"elementor-heading-title elementor-size-default\">Jour 2 \u2013 Adventure Challenge : l\u2019\u00e9preuve reine<\/h2>\t\t\t\t<\/div>\n\t\t\t\t<\/div>\n\t\t\t\t<div class=\"elementor-element elementor-element-be67b20 elementor-widget-tablet__width-inherit link-text elementor-widget elementor-widget-text-editor\" data-id=\"be67b20\" data-element_type=\"widget\" data-widget_type=\"text-editor.default\">\n\t\t\t\t<div class=\"elementor-widget-container\">\n\t\t\t\t\t\t\t\t\t<p>Le lendemain, place \u00e0 l\u2019Adventure Challenge, une \u00e9preuve grandeur nature m\u00ealant navigation GPS, franchissement d\u2019obstacles naturels et endurance.<br \/>Les participants ont parcouru pr\u00e8s de 180 km \u00e0 travers la jungle et les pistes foresti\u00e8res, affrontant boue, troncs d\u2019arbres, terrains rocailleux et passages techniques.<\/p><p>Le tout s\u2019est conclu par le Victory Trail Challenge, une ascension symbolique o\u00f9 \u00e9quilibre, pr\u00e9cision et sang-froid \u00e9taient essentiels.<br \/>Si tous les participants ont fait preuve de courage et de passion, Jazm\u00edn Judith Bautista Vega (Team Mexique) s\u2019est particuli\u00e8rement distingu\u00e9e en remportant le prix du \u201cBest MT Spirit\u201d, r\u00e9compensant la pers\u00e9v\u00e9rance et l\u2019inspiration qu\u2019elle a suscit\u00e9es chez ses co\u00e9quipiers.<\/p><p>Au classement g\u00e9n\u00e9ral, Team Nouvelle-Z\u00e9lande s\u2019impose brillamment, suivie de Team Roumanie et Team West Balkan.<\/p><p>Chez les pilotes, Chris Power (Nouvelle-Z\u00e9lande), Julian Raduta (Roumanie) et Tim Coleman (Australie) montent sur le podium individuel.<\/p><p>Des distinctions sp\u00e9ciales ont \u00e9galement \u00e9t\u00e9 attribu\u00e9es \u00e0 Li Juan (Chine), Jan Slemenda (Tch\u00e9quie) et Tim Coleman, salu\u00e9s pour leur ma\u00eetrise technique et leur r\u00e9silience sur les \u00e9preuves les plus exigeantes.<\/p>\t\t\t\t\t\t\t\t<\/div>\n\t\t\t\t<\/div>\n\t\t\t\t<div class=\"elementor-element elementor-element-a3c05a9 elementor-skin-carousel elementor-widget elementor-widget-media-carousel\" data-id=\"a3c05a9\" data-element_type=\"widget\" data-settings=\"{&quot;slides_per_view&quot;:&quot;2&quot;,&quot;skin&quot;:&quot;carousel&quot;,&quot;effect&quot;:&quot;slide&quot;,&quot;speed&quot;:500,&quot;loop&quot;:&quot;yes&quot;,&quot;space_between&quot;:{&quot;unit&quot;:&quot;px&quot;,&quot;size&quot;:10,&quot;sizes&quot;:[]},&quot;space_between_laptop&quot;:{&quot;unit&quot;:&quot;px&quot;,&quot;size&quot;:10,&quot;sizes&quot;:[]},&quot;space_between_tablet&quot;:{&quot;unit&quot;:&quot;px&quot;,&quot;size&quot;:10,&quot;sizes&quot;:[]},&quot;space_between_mobile&quot;:{&quot;unit&quot;:&quot;px&quot;,&quot;size&quot;:10,&quot;sizes&quot;:[]}}\" data-widget_type=\"media-carousel.default\">\n\t\t\t\t<div class=\"elementor-widget-container\">\n\t\t\t\t\t\t\t\t\t<div class=\"elementor-swiper\">\n\t\t\t\t\t<div class=\"elementor-main-swiper swiper\" role=\"region\" aria-roledescription=\"carousel\" aria-label=\"Diapositives\">\n\t\t\t\t<div class=\"swiper-wrapper\">\n\t\t\t\t\t\t\t\t\t\t\t<div class=\"swiper-slide\" role=\"group\" aria-roledescription=\"slide\">\n\t\t\t\t\t\t\t\t\t<div class=\"elementor-carousel-image\" role=\"img\" aria-label=\"CFMOTO MT Challenge 2025 visuel_15\" style=\"background-image: url(&#039;https:\/\/www.cf-moto.fr\/moto\/wp-content\/uploads\/sites\/2\/2025\/10\/CFMOTO-MT-Challenge-2025-visuel_15.jpg&#039;)\">\n\n\t\t\t\n\t\t\t\t\t<\/div>\n\t\t\t\t\t\t\t\t<\/div>\n\t\t\t\t\t\t\t\t\t\t\t<div class=\"swiper-slide\" role=\"group\" aria-roledescription=\"slide\">\n\t\t\t\t\t\t\t\t\t<div class=\"elementor-carousel-image\" role=\"img\" aria-label=\"CFMOTO MT Challenge 2025 visuel_14\" style=\"background-image: url(&#039;https:\/\/www.cf-moto.fr\/moto\/wp-content\/uploads\/sites\/2\/2025\/10\/CFMOTO-MT-Challenge-2025-visuel_14.jpg&#039;)\">\n\n\t\t\t\n\t\t\t\t\t<\/div>\n\t\t\t\t\t\t\t\t<\/div>\n\t\t\t\t\t\t\t\t\t<\/div>\n\t\t\t\t\t\t\t\t\t\t\t\t\t\t\t\t\t\t\t\t\t<\/div>\n\t\t\t\t<\/div>\n\t\t\t\t\t\t\t\t<\/div>\n\t\t\t\t<\/div>\n\t\t\t\t\t<\/div>\n\t\t\t\t<\/div>\n\t\t<div class=\"elementor-element elementor-element-1c7b488 e-flex e-con-boxed e-con e-parent\" data-id=\"1c7b488\" data-element_type=\"container\">\n\t\t\t\t\t<div class=\"e-con-inner\">\n\t\t\t\t<div class=\"elementor-element elementor-element-e804fc3 elementor-widget elementor-widget-heading\" data-id=\"e804fc3\" data-element_type=\"widget\" data-widget_type=\"heading.default\">\n\t\t\t\t<div class=\"elementor-widget-container\">\n\t\t\t\t\t<h2 class=\"elementor-heading-title elementor-size-default\">Un rendez-vous appel\u00e9 \u00e0 grandir<\/h2>\t\t\t\t<\/div>\n\t\t\t\t<\/div>\n\t\t\t\t<div class=\"elementor-element elementor-element-92400cc elementor-widget-tablet__width-inherit link-text elementor-widget elementor-widget-text-editor\" data-id=\"92400cc\" data-element_type=\"widget\" data-widget_type=\"text-editor.default\">\n\t\t\t\t<div class=\"elementor-widget-container\">\n\t\t\t\t\t\t\t\t\t<p>Avec sa combinaison unique de comp\u00e9tition, de camaraderie et d\u2019exploration, le CFMOTO MT Challenge a conquis pilotes et spectateurs.<\/p><p>L\u2019\u00e9v\u00e9nement a d\u2019ores et d\u00e9j\u00e0 marqu\u00e9 les esprits et s\u2019annonce comme un rendez-vous international majeur pour les amateurs d\u2019aventure.<\/p><p>Rendez-vous en 2026 pour une nouvelle \u00e9dition encore plus spectaculaire !<br \/>Restez connect\u00e9s sur les canaux officiels CFMOTO pour ne rien manquer des s\u00e9lections \u00e0 venir.<\/p>\t\t\t\t\t\t\t\t<\/div>\n\t\t\t\t<\/div>\n\t\t\t\t<div class=\"elementor-element elementor-element-6f6e1c2 elementor-skin-carousel elementor-widget elementor-widget-media-carousel\" data-id=\"6f6e1c2\" data-element_type=\"widget\" data-settings=\"{&quot;slides_per_view&quot;:&quot;2&quot;,&quot;skin&quot;:&quot;carousel&quot;,&quot;effect&quot;:&quot;slide&quot;,&quot;speed&quot;:500,&quot;loop&quot;:&quot;yes&quot;,&quot;space_between&quot;:{&quot;unit&quot;:&quot;px&quot;,&quot;size&quot;:10,&quot;sizes&quot;:[]},&quot;space_between_laptop&quot;:{&quot;unit&quot;:&quot;px&quot;,&quot;size&quot;:10,&quot;sizes&quot;:[]},&quot;space_between_tablet&quot;:{&quot;unit&quot;:&quot;px&quot;,&quot;size&quot;:10,&quot;sizes&quot;:[]},&quot;space_between_mobile&quot;:{&quot;unit&quot;:&quot;px&quot;,&quot;size&quot;:10,&quot;sizes&quot;:[]}}\" data-widget_type=\"media-carousel.default\">\n\t\t\t\t<div class=\"elementor-widget-container\">\n\t\t\t\t\t\t\t\t\t<div class=\"elementor-swiper\">\n\t\t\t\t\t<div class=\"elementor-main-swiper swiper\" role=\"region\" aria-roledescription=\"carousel\" aria-label=\"Diapositives\">\n\t\t\t\t<div class=\"swiper-wrapper\">\n\t\t\t\t\t\t\t\t\t\t\t<div class=\"swiper-slide\" role=\"group\" aria-roledescription=\"slide\">\n\t\t\t\t\t\t\t\t\t<div class=\"elementor-carousel-image\" role=\"img\" aria-label=\"CFMOTO MT Challenge 2025 visuel_18\" style=\"background-image: url(&#039;https:\/\/www.cf-moto.fr\/moto\/wp-content\/uploads\/sites\/2\/2025\/10\/CFMOTO-MT-Challenge-2025-visuel_18.jpg&#039;)\">\n\n\t\t\t\n\t\t\t\t\t<\/div>\n\t\t\t\t\t\t\t\t<\/div>\n\t\t\t\t\t\t\t\t\t\t\t<div class=\"swiper-slide\" role=\"group\" aria-roledescription=\"slide\">\n\t\t\t\t\t\t\t\t\t<div class=\"elementor-carousel-image\" role=\"img\" aria-label=\"CFMOTO MT Challenge 2025 visuel_17\" style=\"background-image: url(&#039;https:\/\/www.cf-moto.fr\/moto\/wp-content\/uploads\/sites\/2\/2025\/10\/CFMOTO-MT-Challenge-2025-visuel_17.jpg&#039;)\">\n\n\t\t\t\n\t\t\t\t\t<\/div>\n\t\t\t\t\t\t\t\t<\/div>\n\t\t\t\t\t\t\t\t\t<\/div>\n\t\t\t\t\t\t\t\t\t\t\t\t\t\t\t\t\t\t\t\t\t<\/div>\n\t\t\t\t<\/div>\n\t\t\t\t\t\t\t\t<\/div>\n\t\t\t\t<\/div>\n\t\t\t\t\t<\/div>\n\t\t\t\t<\/div>\n\t\t<div class=\"elementor-element elementor-element-7c4aa03 e-con-full e-flex e-con e-parent\" data-id=\"7c4aa03\" data-element_type=\"container\">\n\t\t<div class=\"elementor-element elementor-element-2dfd4cc e-flex e-con-boxed e-con e-child\" data-id=\"2dfd4cc\" data-element_type=\"container\">\n\t\t\t\t\t<div class=\"e-con-inner\">\n\t\t\t\t<div class=\"elementor-element elementor-element-c468012 elementor-widget-divider--view-line elementor-widget elementor-widget-divider\" data-id=\"c468012\" data-element_type=\"widget\" data-widget_type=\"divider.default\">\n\t\t\t\t<div class=\"elementor-widget-container\">\n\t\t\t\t\t\t\t<div class=\"elementor-divider\">\n\t\t\t<span class=\"elementor-divider-separator\">\n\t\t\t\t\t\t<\/span>\n\t\t<\/div>\n\t\t\t\t\t\t<\/div>\n\t\t\t\t<\/div>\n\t\t\t\t<div class=\"elementor-element elementor-element-83ec8cd elementor-widget elementor-widget-heading\" data-id=\"83ec8cd\" data-element_type=\"widget\" data-widget_type=\"heading.default\">\n\t\t\t\t<div class=\"elementor-widget-container\">\n\t\t\t\t\t<div class=\"elementor-heading-title elementor-size-default\">Autres articles<\/div>\t\t\t\t<\/div>\n\t\t\t\t<\/div>\n\t\t\t\t<div class=\"elementor-element elementor-element-5fefc83 elementor-grid-3 elementor-grid-tablet-2 elementor-grid-mobile-1 elementor-posts--thumbnail-top elementor-posts--show-avatar elementor-card-shadow-yes elementor-posts__hover-gradient elementor-widget elementor-widget-posts\" data-id=\"5fefc83\" data-element_type=\"widget\" data-settings=\"{&quot;cards_columns&quot;:&quot;3&quot;,&quot;cards_columns_tablet&quot;:&quot;2&quot;,&quot;cards_columns_mobile&quot;:&quot;1&quot;,&quot;cards_row_gap&quot;:{&quot;unit&quot;:&quot;px&quot;,&quot;size&quot;:35,&quot;sizes&quot;:[]},&quot;cards_row_gap_laptop&quot;:{&quot;unit&quot;:&quot;px&quot;,&quot;size&quot;:&quot;&quot;,&quot;sizes&quot;:[]},&quot;cards_row_gap_tablet&quot;:{&quot;unit&quot;:&quot;px&quot;,&quot;size&quot;:&quot;&quot;,&quot;sizes&quot;:[]},&quot;cards_row_gap_mobile&quot;:{&quot;unit&quot;:&quot;px&quot;,&quot;size&quot;:&quot;&quot;,&quot;sizes&quot;:[]}}\" data-widget_type=\"posts.cards\">\n\t\t\t\t<div class=\"elementor-widget-container\">\n\t\t\t\t\t\t\t<div class=\"elementor-posts-container elementor-posts elementor-posts--skin-cards elementor-grid\" role=\"list\">\n\t\t\t\t<article class=\"elementor-post elementor-grid-item post-15571 post type-post status-publish format-standard has-post-thumbnail hentry category-actualites\" role=\"listitem\">\n\t\t\t<div class=\"elementor-post__card\">\n\t\t\t\t<a class=\"elementor-post__thumbnail__link\" href=\"https:\/\/www.cf-moto.fr\/moto\/cfmoto-au-grand-prix-de-france-moto-2026-retrouvez-nous-au-village-du-7-au-10-mai\/\" tabindex=\"-1\" ><div class=\"elementor-post__thumbnail\"><img fetchpriority=\"high\" decoding=\"async\" width=\"2000\" height=\"1125\" src=\"https:\/\/www.cf-moto.fr\/moto\/wp-content\/uploads\/sites\/2\/2025\/05\/GP-France-2025-CMOTO-France-visuel_2.jpg\" class=\"attachment-full size-full wp-image-14178\" alt=\"\" srcset=\"https:\/\/www.cf-moto.fr\/moto\/wp-content\/uploads\/sites\/2\/2025\/05\/GP-France-2025-CMOTO-France-visuel_2.jpg 2000w, https:\/\/www.cf-moto.fr\/moto\/wp-content\/uploads\/sites\/2\/2025\/05\/GP-France-2025-CMOTO-France-visuel_2-300x169.jpg 300w, https:\/\/www.cf-moto.fr\/moto\/wp-content\/uploads\/sites\/2\/2025\/05\/GP-France-2025-CMOTO-France-visuel_2-1024x576.jpg 1024w, https:\/\/www.cf-moto.fr\/moto\/wp-content\/uploads\/sites\/2\/2025\/05\/GP-France-2025-CMOTO-France-visuel_2-768x432.jpg 768w, https:\/\/www.cf-moto.fr\/moto\/wp-content\/uploads\/sites\/2\/2025\/05\/GP-France-2025-CMOTO-France-visuel_2-1536x864.jpg 1536w, https:\/\/www.cf-moto.fr\/moto\/wp-content\/uploads\/sites\/2\/2025\/05\/GP-France-2025-CMOTO-France-visuel_2-600x338.jpg 600w\" sizes=\"(max-width: 2000px) 100vw, 2000px\" \/><\/div><\/a>\n\t\t\t\t<div class=\"elementor-post__badge\">Actualit\u00e9s<\/div>\n\t\t\t\t<div class=\"elementor-post__avatar\">\n\t\t\t\t\t<\/div>\n\t\t\t\t<div class=\"elementor-post__text\">\n\t\t\t\t<h3 class=\"elementor-post__title\">\n\t\t\t<a href=\"https:\/\/www.cf-moto.fr\/moto\/cfmoto-au-grand-prix-de-france-moto-2026-retrouvez-nous-au-village-du-7-au-10-mai\/\" >\n\t\t\t\tCFMOTO au Grand Prix de France Moto 2026 : retrouvez-nous au village du 7 au 10 mai\t\t\t<\/a>\n\t\t<\/h3>\n\t\t\t\t<div class=\"elementor-post__excerpt\">\n\t\t\t<p>CFMOTO sera pr\u00e9sent au Grand Prix de France Moto du 7 au 10 mai au village moto. Exposition de la gamme, d\u00e9dicace pilote Aspar le vendredi \u00e0 17h et un sac Aspar \u00e0 gagner sur le stand.<\/p>\n\t\t<\/div>\n\t\t\t\t<\/div>\n\t\t\t\t<div class=\"elementor-post__meta-data\">\n\t\t\t\t\t<span class=\"elementor-post-date\">\n\t\t\t22\/04\/2026\t\t<\/span>\n\t\t\t\t<\/div>\n\t\t\t\t\t<\/div>\n\t\t<\/article>\n\t\t\t\t<article class=\"elementor-post elementor-grid-item post-15414 post type-post status-publish format-standard has-post-thumbnail hentry category-actualites\" role=\"listitem\">\n\t\t\t<div class=\"elementor-post__card\">\n\t\t\t\t<a class=\"elementor-post__thumbnail__link\" href=\"https:\/\/www.cf-moto.fr\/moto\/cfmoto-day-2026-la-v4-sr-rr-fait-ses-debuts-sur-le-circuit-de-chengdu\/\" tabindex=\"-1\" ><div class=\"elementor-post__thumbnail\"><img decoding=\"async\" width=\"1500\" height=\"999\" src=\"https:\/\/www.cf-moto.fr\/moto\/wp-content\/uploads\/sites\/2\/2026\/04\/CFMOTO-Day-2026-Visuel_3.webp\" class=\"attachment-full size-full wp-image-15418\" alt=\"\" srcset=\"https:\/\/www.cf-moto.fr\/moto\/wp-content\/uploads\/sites\/2\/2026\/04\/CFMOTO-Day-2026-Visuel_3.webp 1500w, https:\/\/www.cf-moto.fr\/moto\/wp-content\/uploads\/sites\/2\/2026\/04\/CFMOTO-Day-2026-Visuel_3-300x200.webp 300w, https:\/\/www.cf-moto.fr\/moto\/wp-content\/uploads\/sites\/2\/2026\/04\/CFMOTO-Day-2026-Visuel_3-1024x682.webp 1024w, https:\/\/www.cf-moto.fr\/moto\/wp-content\/uploads\/sites\/2\/2026\/04\/CFMOTO-Day-2026-Visuel_3-768x511.webp 768w, https:\/\/www.cf-moto.fr\/moto\/wp-content\/uploads\/sites\/2\/2026\/04\/CFMOTO-Day-2026-Visuel_3-600x400.webp 600w\" sizes=\"(max-width: 1500px) 100vw, 1500px\" \/><\/div><\/a>\n\t\t\t\t<div class=\"elementor-post__badge\">Actualit\u00e9s<\/div>\n\t\t\t\t<div class=\"elementor-post__avatar\">\n\t\t\t\t\t<\/div>\n\t\t\t\t<div class=\"elementor-post__text\">\n\t\t\t\t<h3 class=\"elementor-post__title\">\n\t\t\t<a href=\"https:\/\/www.cf-moto.fr\/moto\/cfmoto-day-2026-la-v4-sr-rr-fait-ses-debuts-sur-le-circuit-de-chengdu\/\" >\n\t\t\t\tCFMOTO DAY 2026 : la V4 SR-RR fait ses d\u00e9buts sur le circuit de Chengdu\t\t\t<\/a>\n\t\t<\/h3>\n\t\t\t\t<div class=\"elementor-post__excerpt\">\n\t\t\t<p>Le CFMOTO DAY 2026 s&rsquo;est tenu \u00e0 Chengdu avec le lancement officiel de la 500SR et les d\u00e9buts dynamiques de la V4 SR-RR, premi\u00e8re sportive chinoise \u00e0 moteur V4 de 1 000 cc.<\/p>\n\t\t<\/div>\n\t\t\t\t<\/div>\n\t\t\t\t<div class=\"elementor-post__meta-data\">\n\t\t\t\t\t<span class=\"elementor-post-date\">\n\t\t\t13\/04\/2026\t\t<\/span>\n\t\t\t\t<\/div>\n\t\t\t\t\t<\/div>\n\t\t<\/article>\n\t\t\t\t<article class=\"elementor-post elementor-grid-item post-15434 post type-post status-publish format-standard has-post-thumbnail hentry category-competition\" role=\"listitem\">\n\t\t\t<div class=\"elementor-post__card\">\n\t\t\t\t<a class=\"elementor-post__thumbnail__link\" href=\"https:\/\/www.cf-moto.fr\/moto\/gp-des-etats-unis-2025-quiles-conserve-la-tete-du-championnat-moto3-alonso-signe-une-remontee-spectaculaire-en-moto2\/\" tabindex=\"-1\" ><div class=\"elementor-post__thumbnail\"><img decoding=\"async\" width=\"1268\" height=\"846\" src=\"https:\/\/www.cf-moto.fr\/moto\/wp-content\/uploads\/sites\/2\/2026\/04\/CFMOTO-Aspar-GP-US-2026-Visuel_7.webp\" class=\"attachment-full size-full wp-image-15446\" alt=\"\" srcset=\"https:\/\/www.cf-moto.fr\/moto\/wp-content\/uploads\/sites\/2\/2026\/04\/CFMOTO-Aspar-GP-US-2026-Visuel_7.webp 1268w, https:\/\/www.cf-moto.fr\/moto\/wp-content\/uploads\/sites\/2\/2026\/04\/CFMOTO-Aspar-GP-US-2026-Visuel_7-300x200.webp 300w, https:\/\/www.cf-moto.fr\/moto\/wp-content\/uploads\/sites\/2\/2026\/04\/CFMOTO-Aspar-GP-US-2026-Visuel_7-1024x683.webp 1024w, https:\/\/www.cf-moto.fr\/moto\/wp-content\/uploads\/sites\/2\/2026\/04\/CFMOTO-Aspar-GP-US-2026-Visuel_7-768x512.webp 768w, https:\/\/www.cf-moto.fr\/moto\/wp-content\/uploads\/sites\/2\/2026\/04\/CFMOTO-Aspar-GP-US-2026-Visuel_7-600x400.webp 600w\" sizes=\"(max-width: 1268px) 100vw, 1268px\" \/><\/div><\/a>\n\t\t\t\t<div class=\"elementor-post__badge\">Comp\u00e9tition<\/div>\n\t\t\t\t<div class=\"elementor-post__avatar\">\n\t\t\t\t\t<\/div>\n\t\t\t\t<div class=\"elementor-post__text\">\n\t\t\t\t<h3 class=\"elementor-post__title\">\n\t\t\t<a href=\"https:\/\/www.cf-moto.fr\/moto\/gp-des-etats-unis-2025-quiles-conserve-la-tete-du-championnat-moto3-alonso-signe-une-remontee-spectaculaire-en-moto2\/\" >\n\t\t\t\tGP des \u00c9tats-Unis 2025 : Quiles conserve la t\u00eate du championnat Moto3, Alonso signe une remont\u00e9e spectaculaire en Moto2\t\t\t<\/a>\n\t\t<\/h3>\n\t\t\t\t<div class=\"elementor-post__excerpt\">\n\t\t\t<p>M\u00e1ximo Quiles termine 2e en Moto3 \u00e0 Austin et conserve la t\u00eate du championnat. David Alonso signe une remont\u00e9e remarquable en Moto2 jusqu&rsquo;\u00e0 la 4e place. R\u00e9sultats du CFMOTO Aspar Team.<\/p>\n\t\t<\/div>\n\t\t\t\t<\/div>\n\t\t\t\t<div class=\"elementor-post__meta-data\">\n\t\t\t\t\t<span class=\"elementor-post-date\">\n\t\t\t13\/04\/2026\t\t<\/span>\n\t\t\t\t<\/div>\n\t\t\t\t\t<\/div>\n\t\t<\/article>\n\t\t\t\t<\/div>\n\t\t\n\t\t\t\t\t\t<\/div>\n\t\t\t\t<\/div>\n\t\t\t\t\t<\/div>\n\t\t\t\t<\/div>\n\t\t\t\t<\/div>\n\t\t\t\t<\/div>\n\t\t","protected":false},"excerpt":{"rendered":"<p>La premi\u00e8re \u00e9dition du CFMOTO MT Challenge s\u2019est tenue \u00e0 Melbourne, en Australie, et restera grav\u00e9e comme un \u00e9v\u00e9nement unique m\u00ealant plaisir, performance et esprit d\u2019aventure.<\/p>\n","protected":false},"author":1,"featured_media":14754,"comment_status":"closed","ping_status":"open","sticky":false,"template":"","format":"standard","meta":{"_acf_changed":false,"footnotes":""},"categories":[17],"tags":[],"class_list":["post-14748","post","type-post","status-publish","format-standard","has-post-thumbnail","hentry","category-actualites"],"acf":[],"_links":{"self":[{"href":"https:\/\/www.cf-moto.fr\/moto\/wp-json\/wp\/v2\/posts\/14748","targetHints":{"allow":["GET"]}}],"collection":[{"href":"https:\/\/www.cf-moto.fr\/moto\/wp-json\/wp\/v2\/posts"}],"about":[{"href":"https:\/\/www.cf-moto.fr\/moto\/wp-json\/wp\/v2\/types\/post"}],"author":[{"embeddable":true,"href":"https:\/\/www.cf-moto.fr\/moto\/wp-json\/wp\/v2\/users\/1"}],"replies":[{"embeddable":true,"href":"https:\/\/www.cf-moto.fr\/moto\/wp-json\/wp\/v2\/comments?post=14748"}],"version-history":[{"count":0,"href":"https:\/\/www.cf-moto.fr\/moto\/wp-json\/wp\/v2\/posts\/14748\/revisions"}],"wp:featuredmedia":[{"embeddable":true,"href":"https:\/\/www.cf-moto.fr\/moto\/wp-json\/wp\/v2\/media\/14754"}],"wp:attachment":[{"href":"https:\/\/www.cf-moto.fr\/moto\/wp-json\/wp\/v2\/media?parent=14748"}],"wp:term":[{"taxonomy":"category","embeddable":true,"href":"https:\/\/www.cf-moto.fr\/moto\/wp-json\/wp\/v2\/categories?post=14748"},{"taxonomy":"post_tag","embeddable":true,"href":"https:\/\/www.cf-moto.fr\/moto\/wp-json\/wp\/v2\/tags?post=14748"}],"curies":[{"name":"wp","href":"https:\/\/api.w.org\/{rel}","templated":true}]}}